{"id":1393,"date":"2018-07-03T15:32:58","date_gmt":"2018-07-03T18:32:58","guid":{"rendered":"http:\/\/ppgusrn.cnat.ifrn.edu.br\/?p=1393"},"modified":"2018-07-04T11:41:25","modified_gmt":"2018-07-04T14:41:25","slug":"mudanca-no-periodo-de-matricula-e-inicio-das-aulas-para-alunos-2017-e-aprovados-para-2018","status":"publish","type":"post","link":"https:\/\/ppgusrn.cnat.ifrn.edu.br\/index.php\/2018\/07\/03\/mudanca-no-periodo-de-matricula-e-inicio-das-aulas-para-alunos-2017-e-aprovados-para-2018\/","title":{"rendered":"Mudan\u00e7a no per\u00edodo de matr\u00edcula e in\u00edcio das aulas para alunos 2017 e aprovados para 2018"},"content":{"rendered":"<div id=\"dslc-theme-content\"><div id=\"dslc-theme-content-inner\"><style>\nbody.post-template-default .thumbnail-post-intro img.wp-post-image {\n    clip-path: inset(170px 0 300px 0);\n    position: absolute;\n    left: 0;\n    top: -200px;\n    width: 100%;\n}\n<\/style>\n<p>O PPgUSRN informa que em virtude de ajustes no per\u00edodo que qualifica\u00e7\u00e3o de projetos de mestrado da turma de 2017, que ocorrer\u00e1 entre 13 a 17 de agosto, houve uma mudan\u00e7a no per\u00edodo de matr\u00edcula e in\u00edcio das aulas do programa. As novas data s\u00e3o:<\/p>\n<ul>\n<li>Matr\u00edcula: 20 e 21 de agosto; e<\/li>\n<li>Aula inaugural: 23 e 24 de agosto.<\/li>\n<\/ul>\n<\/div><\/div>","protected":false},"excerpt":{"rendered":"<p>O PPgUSRN informa que em virtude de ajustes no per\u00edodo que qualifica\u00e7\u00e3o de projetos de mestrado da turma de 2017, que ocorrer\u00e1 entre 13 a 17 de agosto, houve uma&#8230;<\/p>\n","protected":false},"author":1,"featured_media":1394,"comment_status":"open","ping_status":"open","sticky":false,"template":"","format":"standard","meta":{"footnotes":""},"categories":[1],"tags":[],"_links":{"self":[{"href":"https:\/\/ppgusrn.cnat.ifrn.edu.br\/index.php\/wp-json\/wp\/v2\/posts\/1393"}],"collection":[{"href":"https:\/\/ppgusrn.cnat.ifrn.edu.br\/index.php\/wp-json\/wp\/v2\/posts"}],"about":[{"href":"https:\/\/ppgusrn.cnat.ifrn.edu.br\/index.php\/wp-json\/wp\/v2\/types\/post"}],"author":[{"embeddable":true,"href":"https:\/\/ppgusrn.cnat.ifrn.edu.br\/index.php\/wp-json\/wp\/v2\/users\/1"}],"replies":[{"embeddable":true,"href":"https:\/\/ppgusrn.cnat.ifrn.edu.br\/index.php\/wp-json\/wp\/v2\/comments?post=1393"}],"version-history":[{"count":3,"href":"https:\/\/ppgusrn.cnat.ifrn.edu.br\/index.php\/wp-json\/wp\/v2\/posts\/1393\/revisions"}],"predecessor-version":[{"id":1404,"href":"https:\/\/ppgusrn.cnat.ifrn.edu.br\/index.php\/wp-json\/wp\/v2\/posts\/1393\/revisions\/1404"}],"wp:featuredmedia":[{"embeddable":true,"href":"https:\/\/ppgusrn.cnat.ifrn.edu.br\/index.php\/wp-json\/wp\/v2\/media\/1394"}],"wp:attachment":[{"href":"https:\/\/ppgusrn.cnat.ifrn.edu.br\/index.php\/wp-json\/wp\/v2\/media?parent=1393"}],"wp:term":[{"taxonomy":"category","embeddable":true,"href":"https:\/\/ppgusrn.cnat.ifrn.edu.br\/index.php\/wp-json\/wp\/v2\/categories?post=1393"},{"taxonomy":"post_tag","embeddable":true,"href":"https:\/\/ppgusrn.cnat.ifrn.edu.br\/index.php\/wp-json\/wp\/v2\/tags?post=1393"}],"curies":[{"name":"wp","href":"https:\/\/api.w.org\/{rel}","templated":true}]}}