{"id":2304,"date":"2019-02-07T17:34:25","date_gmt":"2019-02-07T19:34:25","guid":{"rendered":"http:\/\/ppgusrn.cnat.ifrn.edu.br\/?p=2304"},"modified":"2019-03-13T14:47:56","modified_gmt":"2019-03-13T17:47:56","slug":"calendario-e-horarios-2019-1","status":"publish","type":"post","link":"https:\/\/ppgusrn.cnat.ifrn.edu.br\/index.php\/2019\/02\/07\/calendario-e-horarios-2019-1\/","title":{"rendered":"Calend\u00e1rio e Hor\u00e1rios 2019.1"},"content":{"rendered":"<div id=\"dslc-theme-content\"><div id=\"dslc-theme-content-inner\"><style>\nbody.post-template-default .thumbnail-post-intro img.wp-post-image {\n    clip-path: inset(480px 0 370px 0);\n    position: absolute;\n    left: 0;\n    top: -500px;\n    width: 100%;\n}\n<\/style>\n<p>O PPgUSRN torna p\u00fablico o calend\u00e1rio acad\u00eamico e Hor\u00e1rios do semestre letivo 2019.1. O per\u00edodo de matr\u00edculas para alunos regulares ser\u00e1 nos dias 14 e 15 de fevereiro. As aulas ser\u00e3o iniciadas em 21 de fevereiro com um total de 19 disciplinas ofertadas.<\/p>\n<p>Click abaixo para acessar o calend\u00e1rio e hor\u00e1rio, respectivamente.<\/p>\n<p><a href=\"https:\/\/ppgusrn.cnat.ifrn.edu.br\/wp-content\/uploads\/2019\/03\/calendario_ppgusrn_2019.1.pdf\">calendario_ppgusrn_2019.1<\/a><\/p>\n<p><a href=\"https:\/\/ppgusrn.cnat.ifrn.edu.br\/wp-content\/uploads\/2019\/02\/Horario-2019.1-PPgUSRN.vf_.pdf\">Hor\u00e1rio 2019.1 &#8211; PPgUSRN<\/a><\/p>\n<\/div><\/div>","protected":false},"excerpt":{"rendered":"<p>O PPgUSRN torna p\u00fablico o calend\u00e1rio acad\u00eamico e Hor\u00e1rios do semestre letivo 2019.1. O per\u00edodo de matr\u00edculas para alunos regulares ser\u00e1 nos dias 14 e 15 de fevereiro. As aulas&#8230;<\/p>\n","protected":false},"author":1,"featured_media":0,"comment_status":"open","ping_status":"open","sticky":false,"template":"","format":"standard","meta":{"footnotes":""},"categories":[1],"tags":[],"_links":{"self":[{"href":"https:\/\/ppgusrn.cnat.ifrn.edu.br\/index.php\/wp-json\/wp\/v2\/posts\/2304"}],"collection":[{"href":"https:\/\/ppgusrn.cnat.ifrn.edu.br\/index.php\/wp-json\/wp\/v2\/posts"}],"about":[{"href":"https:\/\/ppgusrn.cnat.ifrn.edu.br\/index.php\/wp-json\/wp\/v2\/types\/post"}],"author":[{"embeddable":true,"href":"https:\/\/ppgusrn.cnat.ifrn.edu.br\/index.php\/wp-json\/wp\/v2\/users\/1"}],"replies":[{"embeddable":true,"href":"https:\/\/ppgusrn.cnat.ifrn.edu.br\/index.php\/wp-json\/wp\/v2\/comments?post=2304"}],"version-history":[{"count":12,"href":"https:\/\/ppgusrn.cnat.ifrn.edu.br\/index.php\/wp-json\/wp\/v2\/posts\/2304\/revisions"}],"predecessor-version":[{"id":2430,"href":"https:\/\/ppgusrn.cnat.ifrn.edu.br\/index.php\/wp-json\/wp\/v2\/posts\/2304\/revisions\/2430"}],"wp:attachment":[{"href":"https:\/\/ppgusrn.cnat.ifrn.edu.br\/index.php\/wp-json\/wp\/v2\/media?parent=2304"}],"wp:term":[{"taxonomy":"category","embeddable":true,"href":"https:\/\/ppgusrn.cnat.ifrn.edu.br\/index.php\/wp-json\/wp\/v2\/categories?post=2304"},{"taxonomy":"post_tag","embeddable":true,"href":"https:\/\/ppgusrn.cnat.ifrn.edu.br\/index.php\/wp-json\/wp\/v2\/tags?post=2304"}],"curies":[{"name":"wp","href":"https:\/\/api.w.org\/{rel}","templated":true}]}}