{"id":2321,"date":"2019-02-07T17:59:16","date_gmt":"2019-02-07T19:59:16","guid":{"rendered":"http:\/\/ppgusrn.cnat.ifrn.edu.br\/?p=2321"},"modified":"2019-02-08T12:48:04","modified_gmt":"2019-02-08T14:48:04","slug":"ppgusrn-divulga-procedimento-para-inscricao-de-alunos-especiais-2019-1","status":"publish","type":"post","link":"https:\/\/ppgusrn.cnat.ifrn.edu.br\/index.php\/2019\/02\/07\/ppgusrn-divulga-procedimento-para-inscricao-de-alunos-especiais-2019-1\/","title":{"rendered":"PPgUSRN divulga procedimento para inscri\u00e7\u00e3o de Alunos Especiais 2019.1"},"content":{"rendered":"<div id=\"dslc-theme-content\"><div id=\"dslc-theme-content-inner\"><p>A inscri\u00e7\u00e3o para Aluno Especial, no semestre letivo de 2019.1, ser\u00e1 realizada nos dias 14 e 15 de fevereiro de 2019 (das 8h \u00e0s 13h), atrav\u00e9s de requerimento endere\u00e7ado aos docentes das Disciplinas Eletivas, anexando c\u00f3pia do Hist\u00f3rico Escolar da gradua\u00e7\u00e3o conclu\u00edda e o link do curr\u00edculo lattes. Ap\u00f3s a divulga\u00e7\u00e3o dos resultados da sele\u00e7\u00e3o de alunos especiais, ocorrer\u00e1 a matr\u00edcula no dia 20 de fevereiro (das 8h \u00e0s 13h), devendo o selecionado comparecer a secretaria do PPgUSRN e apresentar estes documentos:<\/p>\n<p>a) 2 fotos 3\u00d74, recentes e iguais;<br \/>\nb) Certificado de Quita\u00e7\u00e3o com o Servi\u00e7o Militar para candidatos do sexo masculino (C\u00f3pia e Original);<br \/>\nc) RG (C\u00f3pia e Original);<br \/>\nd) CPF (C\u00f3pia e Original);<br \/>\ne) Certid\u00e3o de Nascimento ou de Casamento (C\u00f3pia e Original);<br \/>\nf) T\u00edtulo de eleitor e comprovante de quita\u00e7\u00e3o eleitoral referente \u00e0 \u00faltima elei\u00e7\u00e3o (C\u00f3pia e Original);<br \/>\ng) Diploma e\/ou certificado de conclus\u00e3o de gradua\u00e7\u00e3o de institui\u00e7\u00e3o reconhecida pelo MEC (C\u00f3pia e Original);<br \/>\nh) Hist\u00f3rico Acad\u00eamico (C\u00f3pia e Original).<\/p>\n<p><a href=\"https:\/\/ppgusrn.cnat.ifrn.edu.br\/wp-content\/uploads\/2019\/02\/Horario-2019.1-PPgUSRN.vf_.pdf\">Hor\u00e1rio 2019.1 &#8211; PPgUSRN<\/a><\/p>\n<\/div><\/div>","protected":false},"excerpt":{"rendered":"<p>A inscri\u00e7\u00e3o para Aluno Especial, no semestre letivo de 2019.1, ser\u00e1 realizada nos dias 14 e 15 de fevereiro de 2019 (das 8h \u00e0s 13h), atrav\u00e9s de requerimento endere\u00e7ado aos&#8230;<\/p>\n","protected":false},"author":1,"featured_media":0,"comment_status":"open","ping_status":"open","sticky":false,"template":"","format":"standard","meta":{"footnotes":""},"categories":[1],"tags":[],"_links":{"self":[{"href":"https:\/\/ppgusrn.cnat.ifrn.edu.br\/index.php\/wp-json\/wp\/v2\/posts\/2321"}],"collection":[{"href":"https:\/\/ppgusrn.cnat.ifrn.edu.br\/index.php\/wp-json\/wp\/v2\/posts"}],"about":[{"href":"https:\/\/ppgusrn.cnat.ifrn.edu.br\/index.php\/wp-json\/wp\/v2\/types\/post"}],"author":[{"embeddable":true,"href":"https:\/\/ppgusrn.cnat.ifrn.edu.br\/index.php\/wp-json\/wp\/v2\/users\/1"}],"replies":[{"embeddable":true,"href":"https:\/\/ppgusrn.cnat.ifrn.edu.br\/index.php\/wp-json\/wp\/v2\/comments?post=2321"}],"version-history":[{"count":5,"href":"https:\/\/ppgusrn.cnat.ifrn.edu.br\/index.php\/wp-json\/wp\/v2\/posts\/2321\/revisions"}],"predecessor-version":[{"id":2338,"href":"https:\/\/ppgusrn.cnat.ifrn.edu.br\/index.php\/wp-json\/wp\/v2\/posts\/2321\/revisions\/2338"}],"wp:attachment":[{"href":"https:\/\/ppgusrn.cnat.ifrn.edu.br\/index.php\/wp-json\/wp\/v2\/media?parent=2321"}],"wp:term":[{"taxonomy":"category","embeddable":true,"href":"https:\/\/ppgusrn.cnat.ifrn.edu.br\/index.php\/wp-json\/wp\/v2\/categories?post=2321"},{"taxonomy":"post_tag","embeddable":true,"href":"https:\/\/ppgusrn.cnat.ifrn.edu.br\/index.php\/wp-json\/wp\/v2\/tags?post=2321"}],"curies":[{"name":"wp","href":"https:\/\/api.w.org\/{rel}","templated":true}]}}