{"id":2575,"date":"2019-08-05T12:10:56","date_gmt":"2019-08-05T15:10:56","guid":{"rendered":"http:\/\/ppgusrn.cnat.ifrn.edu.br\/?p=2575"},"modified":"2019-08-05T12:10:56","modified_gmt":"2019-08-05T15:10:56","slug":"inscricao-de-alunos-especiais-2019-2","status":"publish","type":"post","link":"https:\/\/ppgusrn.cnat.ifrn.edu.br\/index.php\/2019\/08\/05\/inscricao-de-alunos-especiais-2019-2\/","title":{"rendered":"Inscri\u00e7\u00e3o de Alunos Especiais 2019.2"},"content":{"rendered":"<div id=\"dslc-theme-content\"><div id=\"dslc-theme-content-inner\"><p><img loading=\"lazy\" decoding=\"async\" class=\"alignnone size-medium wp-image-2115\" src=\"https:\/\/ppgusrn.cnat.ifrn.edu.br\/wp-content\/uploads\/2018\/08\/l1-1-300x200.jpg\" alt=\"\" width=\"300\" height=\"200\" srcset=\"https:\/\/ppgusrn.cnat.ifrn.edu.br\/wp-content\/uploads\/2018\/08\/l1-1-300x200.jpg 300w, https:\/\/ppgusrn.cnat.ifrn.edu.br\/wp-content\/uploads\/2018\/08\/l1-1.jpg 600w\" sizes=\"(max-width: 300px) 100vw, 300px\" \/><\/p>\n<p>A inscri\u00e7\u00e3o para Aluno Especial, no semestre letivo de 2019.2, ser\u00e1 realizada no dia 14 de agosto de 2019 (das 8h \u00e0s 13h), atrav\u00e9s de requerimento endere\u00e7ado aos docentes das Disciplinas Eletivas (Link abaixo), anexando c\u00f3pia do Hist\u00f3rico Escolar da gradua\u00e7\u00e3o conclu\u00edda e o link do curr\u00edculo lattes.<\/p>\n<p>O resultado dos aprovados ser\u00e1 divulgado no site do PPgUSRN a partir das 11h do dia 20 de agosto. A matr\u00edcula dos alunos especiais aprovados ser\u00e1 realizada no dia 21 de agosto (das 8h \u00e0s 13h), devendo o selecionado comparecer a secretaria do PPgUSRN e apresentar estes documentos:<\/p>\n<ol>\n<li>a) 2 fotos 3\u00d74, recentes e iguais;<br \/>\nb) Certificado de Quita\u00e7\u00e3o com o Servi\u00e7o Militar para candidatos do sexo masculino (C\u00f3pia e Original);<br \/>\nc) RG (C\u00f3pia e Original);<br \/>\nd) CPF (C\u00f3pia e Original);<br \/>\ne) Certid\u00e3o de Nascimento ou de Casamento (C\u00f3pia e Original);<br \/>\nf) T\u00edtulo de eleitor e comprovante de quita\u00e7\u00e3o eleitoral referente \u00e0 \u00faltima elei\u00e7\u00e3o (C\u00f3pia e Original);<br \/>\ng) Diploma e\/ou certificado de conclus\u00e3o de gradua\u00e7\u00e3o de institui\u00e7\u00e3o reconhecida pelo MEC (C\u00f3pia e Original);<br \/>\nh) Hist\u00f3rico Acad\u00eamico (C\u00f3pia e Original).<\/li>\n<\/ol>\n<p><a href=\"https:\/\/ppgusrn.cnat.ifrn.edu.br\/wp-content\/uploads\/2019\/08\/horario_2019.2_PPgUSRN.pdf\">horario_2019.2_PPgUSRN<\/a><\/p>\n<\/div><\/div>","protected":false},"excerpt":{"rendered":"<p>A inscri\u00e7\u00e3o para Aluno Especial, no semestre letivo de 2019.2, ser\u00e1 realizada no dia 14 de agosto de 2019 (das 8h \u00e0s 13h), atrav\u00e9s de requerimento endere\u00e7ado aos docentes das&#8230;<\/p>\n","protected":false},"author":1,"featured_media":0,"comment_status":"open","ping_status":"open","sticky":false,"template":"","format":"standard","meta":{"footnotes":""},"categories":[1],"tags":[],"_links":{"self":[{"href":"https:\/\/ppgusrn.cnat.ifrn.edu.br\/index.php\/wp-json\/wp\/v2\/posts\/2575"}],"collection":[{"href":"https:\/\/ppgusrn.cnat.ifrn.edu.br\/index.php\/wp-json\/wp\/v2\/posts"}],"about":[{"href":"https:\/\/ppgusrn.cnat.ifrn.edu.br\/index.php\/wp-json\/wp\/v2\/types\/post"}],"author":[{"embeddable":true,"href":"https:\/\/ppgusrn.cnat.ifrn.edu.br\/index.php\/wp-json\/wp\/v2\/users\/1"}],"replies":[{"embeddable":true,"href":"https:\/\/ppgusrn.cnat.ifrn.edu.br\/index.php\/wp-json\/wp\/v2\/comments?post=2575"}],"version-history":[{"count":1,"href":"https:\/\/ppgusrn.cnat.ifrn.edu.br\/index.php\/wp-json\/wp\/v2\/posts\/2575\/revisions"}],"predecessor-version":[{"id":2576,"href":"https:\/\/ppgusrn.cnat.ifrn.edu.br\/index.php\/wp-json\/wp\/v2\/posts\/2575\/revisions\/2576"}],"wp:attachment":[{"href":"https:\/\/ppgusrn.cnat.ifrn.edu.br\/index.php\/wp-json\/wp\/v2\/media?parent=2575"}],"wp:term":[{"taxonomy":"category","embeddable":true,"href":"https:\/\/ppgusrn.cnat.ifrn.edu.br\/index.php\/wp-json\/wp\/v2\/categories?post=2575"},{"taxonomy":"post_tag","embeddable":true,"href":"https:\/\/ppgusrn.cnat.ifrn.edu.br\/index.php\/wp-json\/wp\/v2\/tags?post=2575"}],"curies":[{"name":"wp","href":"https:\/\/api.w.org\/{rel}","templated":true}]}}