{"id":2588,"date":"2019-08-20T16:10:16","date_gmt":"2019-08-20T19:10:16","guid":{"rendered":"http:\/\/ppgusrn.cnat.ifrn.edu.br\/?p=2588"},"modified":"2019-08-21T11:26:19","modified_gmt":"2019-08-21T14:26:19","slug":"resultado-da-solicitacao-de-admissao-aluno-especial-2019-2","status":"publish","type":"post","link":"https:\/\/ppgusrn.cnat.ifrn.edu.br\/index.php\/2019\/08\/20\/resultado-da-solicitacao-de-admissao-aluno-especial-2019-2\/","title":{"rendered":"Resultado da Solicita\u00e7\u00e3o de Admiss\u00e3o \u2013 Aluno Especial 2019.2"},"content":{"rendered":"<div id=\"dslc-theme-content\"><div id=\"dslc-theme-content-inner\"><p>O PPgUSRN torna p\u00fablica a lista dos candidatos aprovados como Aluno Especial, para o semestre letivo de 2019.2. A matr\u00edcula ocorrer\u00e1 no dia 21 de agosto (das 9h \u00e0s 13h) na secretaria do PPgUSRN, localizada na Diretoria Acad\u00eamica de Recursos Naturais (DIAREN), no campus Natal central do IFRN.<\/p>\n<p>Igualmente, informamos que os documentos necess\u00e1rios \u00e0 realiza\u00e7\u00e3o da matricula s\u00e3o:<br \/>\na) 2 fotos 3\u00d74, recentes e iguais;<br \/>\nb) Certificado de Quita\u00e7\u00e3o com o Servi\u00e7o Militar para candidatos do sexo masculino (C\u00f3pia e Original);<br \/>\nc) RG (C\u00f3pia e Original);<br \/>\nd) CPF (C\u00f3pia e Original);<br \/>\ne) Certid\u00e3o de Nascimento ou de Casamento (C\u00f3pia e Original);<br \/>\nf) T\u00edtulo de eleitor e comprovante de quita\u00e7\u00e3o eleitoral referente \u00e0 \u00faltima elei\u00e7\u00e3o (C\u00f3pia e Original);<br \/>\ng) Diploma e\/ou certificado de conclus\u00e3o de gradua\u00e7\u00e3o de institui\u00e7\u00e3o reconhecida pelo MEC (C\u00f3pia e Original).<\/p>\n<table width=\"439\">\n<tbody>\n<tr>\n<td colspan=\"2\" width=\"439\"><strong>Disciplina:<\/strong> Biodiversidade, Energia e Sustentabilidade<\/td>\n<\/tr>\n<tr>\n<td width=\"227\"><strong>DISCENTES<\/strong><\/td>\n<td width=\"213\"><strong>RESULTADO<\/strong><\/td>\n<\/tr>\n<tr>\n<td width=\"227\">Edinaria Patr\u00edcio da Silva<\/td>\n<td width=\"213\">DEFERIDO<\/td>\n<\/tr>\n<tr>\n<td width=\"227\">Francilene Pereira<\/td>\n<td width=\"213\">DEFERIDO<\/td>\n<\/tr>\n<tr>\n<td width=\"227\">Jo\u00e3o Maria Camp\u00ealo de Ara\u00fajo<\/td>\n<td width=\"213\">INDEFERIDO<\/td>\n<\/tr>\n<tr>\n<td width=\"227\">Jo\u00e3o Miguel da Rocha<\/td>\n<td width=\"213\">INDEFERIDO<\/td>\n<\/tr>\n<\/tbody>\n<\/table>\n<p>&nbsp;<\/p>\n<table width=\"439\">\n<tbody>\n<tr>\n<td colspan=\"2\" width=\"439\"><strong>Disciplina: <\/strong>T\u00f3picos Especiais II (Estat\u00edstica Aplicada \u00e0 Gest\u00e3o Sustent\u00e1vel de Recursos Naturais)<\/td>\n<\/tr>\n<tr>\n<td width=\"225\"><strong>DISCENTES<\/strong><\/td>\n<td width=\"214\"><strong>RESULTADO<\/strong><\/td>\n<\/tr>\n<tr>\n<td width=\"225\">Andressa Varela da Rocha Silva<\/td>\n<td width=\"214\">INDEFERIDO<\/td>\n<\/tr>\n<tr>\n<td width=\"225\">Anny Caroline Freire da Silva<\/td>\n<td width=\"214\">DEFERIDO<\/td>\n<\/tr>\n<tr>\n<td width=\"225\">Bruna da Silva Gon\u00e7alo<\/td>\n<td width=\"214\">INDEFERIDO<\/td>\n<\/tr>\n<tr>\n<td width=\"225\">Isabel Joane do Nascimento de Ara\u00fajo<\/td>\n<td width=\"214\">DEFERIDO<\/td>\n<\/tr>\n<tr>\n<td width=\"225\">J\u00e9ssica Loiola Guimar\u00e3es<\/td>\n<td width=\"214\">DEFERIDO<\/td>\n<\/tr>\n<tr>\n<td width=\"225\">Jo\u00e3o Paulo Cardoso de Carvalho<\/td>\n<td width=\"214\">DEFERIDO<\/td>\n<\/tr>\n<tr>\n<td width=\"225\">Manoel Luiz do Nascimento<\/td>\n<td width=\"214\">INDEFERIDO<\/td>\n<\/tr>\n<tr>\n<td width=\"225\">Umbelina Jairis Vieira da Silva Lopes<\/td>\n<td width=\"214\">INDEFERIDO<\/td>\n<\/tr>\n<tr>\n<td width=\"225\">Valeria Valesca da Silva Brito<\/td>\n<td width=\"214\">INDEFERIDO<\/td>\n<\/tr>\n<tr>\n<td width=\"225\">Vanda Lucia Lima Gomes de Souza<\/td>\n<td width=\"214\">INDEFERIDO<\/td>\n<\/tr>\n<\/tbody>\n<\/table>\n<p>&nbsp;<\/p>\n<table>\n<tbody>\n<tr>\n<td colspan=\"2\" width=\"443\"><strong>Disciplina: <\/strong>Uso Eficiente da \u00c1gua no Sistema Solo-Planta-Atmosfera<\/td>\n<\/tr>\n<tr>\n<td width=\"221\"><strong>DISCENTES<\/strong><\/td>\n<td width=\"221\"><strong>RESULTADO<\/strong><\/td>\n<\/tr>\n<tr>\n<td width=\"221\">Carmem Sara Pinheiro de Oliveira<\/td>\n<td width=\"221\">DEFERIDO<\/td>\n<\/tr>\n<tr>\n<td width=\"221\">Jo\u00e3o Maria Campelo<\/td>\n<td width=\"221\">INDEFERIDO<\/td>\n<\/tr>\n<tr>\n<td width=\"221\">Jo\u00e3o Miguel da Rocha<\/td>\n<td width=\"221\">INDEFERIDO<\/td>\n<\/tr>\n<tr>\n<td width=\"221\">Valeria Valesca<\/td>\n<td width=\"221\">DEFERIDO<\/td>\n<\/tr>\n<tr>\n<td width=\"221\">Radmilla Fernanda<\/td>\n<td width=\"221\">DEFERIDO<\/td>\n<\/tr>\n<\/tbody>\n<\/table>\n<p>&nbsp;<\/p>\n<table width=\"439\">\n<tbody>\n<tr>\n<td colspan=\"2\" width=\"439\"><strong>Disciplina: <\/strong>Pesquisa em Sustentabilidade em Recursos Naturais com SIG e Geoprocessamento<\/td>\n<\/tr>\n<tr>\n<td width=\"225\"><strong>DISCENTES<\/strong><\/td>\n<td width=\"214\"><strong>RESULTADO<\/strong><\/td>\n<\/tr>\n<tr>\n<td width=\"225\">Anny Caroline Caroline Freire da Silva<\/td>\n<td width=\"214\">\u00a0DEFERIDO<\/td>\n<\/tr>\n<tr>\n<td width=\"225\">Anna Paula De Lima Carvalho<\/td>\n<td width=\"214\">\u00a0DEFERIDO<\/td>\n<\/tr>\n<tr>\n<td width=\"225\">J\u00e9ssica Loiola Guimar\u00e3es<\/td>\n<td width=\"214\">INDEFERIDO<\/td>\n<\/tr>\n<tr>\n<td width=\"225\">Jo\u00e3o Miquel da Rocha<\/td>\n<td width=\"214\">INDEFERIDO<\/td>\n<\/tr>\n<tr>\n<td width=\"225\">Jo\u00e3o Maria Campelo de Ara\u00fajo<\/td>\n<td width=\"214\">\u00a0INDEFERIDO<\/td>\n<\/tr>\n<tr>\n<td width=\"225\">Radimilla Fernanda Avelina de Oliveira<\/td>\n<td width=\"214\">\u00a0DEFERIDO<\/td>\n<\/tr>\n<\/tbody>\n<\/table>\n<p>&nbsp;<\/p>\n<table width=\"439\">\n<tbody>\n<tr>\n<td colspan=\"2\" width=\"439\"><strong>Disciplina: <\/strong>Polui\u00e7\u00e3o e Controle Ambiental<\/td>\n<\/tr>\n<tr>\n<td width=\"225\"><strong>DISCENTES<\/strong><\/td>\n<td width=\"214\"><strong>RESULTADO<\/strong><\/td>\n<\/tr>\n<tr>\n<td width=\"225\">Alberto Gomes de Abreu Filho<\/td>\n<td width=\"214\">INDEFERIDO<\/td>\n<\/tr>\n<tr>\n<td width=\"225\">Andressa Varela da Rocha Silva<\/td>\n<td width=\"214\">DEFERIDO<\/td>\n<\/tr>\n<tr>\n<td width=\"225\">Bruna Da Silva Gon\u00e7alo<\/td>\n<td width=\"214\">INDEFERIDO<\/td>\n<\/tr>\n<tr>\n<td width=\"225\">Caliane Lilia Leite Do Nascimento<\/td>\n<td width=\"214\">INDEFERIDO<\/td>\n<\/tr>\n<tr>\n<td width=\"225\">Carmem Sara Pinheiro de Oliveira<\/td>\n<td width=\"214\">INDEFERIDO<\/td>\n<\/tr>\n<tr>\n<td width=\"225\">Isabel Joane do Nascimento de Araujo<\/td>\n<td width=\"214\">INDEFERIDO<\/td>\n<\/tr>\n<tr>\n<td width=\"225\">Jessica Souza Vidal<\/td>\n<td width=\"214\">INDEFERIDO<\/td>\n<\/tr>\n<tr>\n<td width=\"225\">Joao Paulo Cardoso de Carvalho<\/td>\n<td width=\"214\">INDEFERIDO<\/td>\n<\/tr>\n<tr>\n<td width=\"225\">Manoel Luiz do Nascimento<\/td>\n<td width=\"214\">INDEFERIDO<\/td>\n<\/tr>\n<tr>\n<td width=\"225\">Mitchelly Rocha Pessoa<\/td>\n<td width=\"214\">INDEFERIDO<\/td>\n<\/tr>\n<tr>\n<td width=\"225\">Rissa Eloi Andrade Da Costa<\/td>\n<td width=\"214\">DEFERIDO<\/td>\n<\/tr>\n<tr>\n<td width=\"225\">Umberlina Jairis Vieira Da Silva<\/td>\n<td width=\"214\">INDEFERIDO<\/td>\n<\/tr>\n<tr>\n<td width=\"225\">Vanda L\u00facia Lima Gomes de Souza<\/td>\n<td width=\"214\">DEFERIDO<\/td>\n<\/tr>\n<\/tbody>\n<\/table>\n<p>Todos as aplica\u00e7\u00f5es para a disciplina\u00a0 &#8220;T\u00f3pico Especial em Direito Ambiental&#8221; e &#8220;Abastecimento de \u00c1gua e Esgotamento Sanit\u00e1rio&#8221; foram INDEFERIDAS.<\/p>\n<\/div><\/div>","protected":false},"excerpt":{"rendered":"<p>O PPgUSRN torna p\u00fablica a lista dos candidatos aprovados como Aluno Especial, para o semestre letivo de 2019.2. A matr\u00edcula ocorrer\u00e1 no dia 21 de agosto (das 9h \u00e0s 13h)&#8230;<\/p>\n","protected":false},"author":1,"featured_media":0,"comment_status":"open","ping_status":"open","sticky":false,"template":"","format":"standard","meta":{"footnotes":""},"categories":[1],"tags":[],"_links":{"self":[{"href":"https:\/\/ppgusrn.cnat.ifrn.edu.br\/index.php\/wp-json\/wp\/v2\/posts\/2588"}],"collection":[{"href":"https:\/\/ppgusrn.cnat.ifrn.edu.br\/index.php\/wp-json\/wp\/v2\/posts"}],"about":[{"href":"https:\/\/ppgusrn.cnat.ifrn.edu.br\/index.php\/wp-json\/wp\/v2\/types\/post"}],"author":[{"embeddable":true,"href":"https:\/\/ppgusrn.cnat.ifrn.edu.br\/index.php\/wp-json\/wp\/v2\/users\/1"}],"replies":[{"embeddable":true,"href":"https:\/\/ppgusrn.cnat.ifrn.edu.br\/index.php\/wp-json\/wp\/v2\/comments?post=2588"}],"version-history":[{"count":9,"href":"https:\/\/ppgusrn.cnat.ifrn.edu.br\/index.php\/wp-json\/wp\/v2\/posts\/2588\/revisions"}],"predecessor-version":[{"id":2597,"href":"https:\/\/ppgusrn.cnat.ifrn.edu.br\/index.php\/wp-json\/wp\/v2\/posts\/2588\/revisions\/2597"}],"wp:attachment":[{"href":"https:\/\/ppgusrn.cnat.ifrn.edu.br\/index.php\/wp-json\/wp\/v2\/media?parent=2588"}],"wp:term":[{"taxonomy":"category","embeddable":true,"href":"https:\/\/ppgusrn.cnat.ifrn.edu.br\/index.php\/wp-json\/wp\/v2\/categories?post=2588"},{"taxonomy":"post_tag","embeddable":true,"href":"https:\/\/ppgusrn.cnat.ifrn.edu.br\/index.php\/wp-json\/wp\/v2\/tags?post=2588"}],"curies":[{"name":"wp","href":"https:\/\/api.w.org\/{rel}","templated":true}]}}