{"id":2620,"date":"2019-09-02T10:07:28","date_gmt":"2019-09-02T13:07:28","guid":{"rendered":"http:\/\/ppgusrn.cnat.ifrn.edu.br\/?p=2620"},"modified":"2019-09-03T16:33:48","modified_gmt":"2019-09-03T19:33:48","slug":"relacao-dos-candidatos-classificados-para-a-fase-de-entrevista-da-selecao-de-estagio-do-ppgusrn-edital-n-22-2019","status":"publish","type":"post","link":"https:\/\/ppgusrn.cnat.ifrn.edu.br\/index.php\/2019\/09\/02\/relacao-dos-candidatos-classificados-para-a-fase-de-entrevista-da-selecao-de-estagio-do-ppgusrn-edital-n-22-2019\/","title":{"rendered":"Rela\u00e7\u00e3o dos Candidatos Classificados para a Fase de Entrevista da Sele\u00e7\u00e3o de Est\u00e1gio do PPgUSRN (Edital n. 22\/2019)"},"content":{"rendered":"<div id=\"dslc-theme-content\"><div id=\"dslc-theme-content-inner\"><p>O PPgUSRN comunica a rela\u00e7\u00e3o dos candidatos classificados para a fase de entrevista da sele\u00e7\u00e3o de Est\u00e1gio do PPgUSRN (Edital n. 22\/2019):<\/p>\n<table style=\"height: 392px;\" width=\"606\">\n<tbody>\n<tr>\n<td width=\"362\"><strong>Candidatos classificados para a fase de Entrevista<\/strong><\/td>\n<\/tr>\n<tr>\n<td width=\"362\">Cinthya C\u00e2mara<\/td>\n<\/tr>\n<tr>\n<td width=\"362\">Gustavo Rodrigues de Oliveira<\/td>\n<\/tr>\n<tr>\n<td width=\"362\">Leticia Danielle Campelo Nunes da Cruz<\/td>\n<\/tr>\n<tr>\n<td width=\"362\">Reinaldo David de Medeiros<\/td>\n<\/tr>\n<tr>\n<td width=\"362\">Wagner Rocha<\/td>\n<\/tr>\n<\/tbody>\n<\/table>\n<p>&nbsp;<\/p>\n<p>Todos os candidatos dever\u00e3o comparecer na coordena\u00e7\u00e3o do PPgUSRN no dia 3 de setembro \u00e0s 9H30min. A coordena\u00e7\u00e3o fica localizada na Diretoria Acad\u00eamica de Recursos Naturais (DIAREN). O n\u00e3o comparecimento no hor\u00e1rio resultar\u00e1 na desclassifica\u00e7\u00e3o do candidato do processo de sele\u00e7\u00e3o.<\/p>\n<p>Ap\u00f3s as entrevistas acontecer\u00e1 a terceira fase da sele\u00e7\u00e3o, com previs\u00e3o de inicio \u00e0s 10H30min e termino \u00e0s 12H.<\/p>\n<p>A coordena\u00e7\u00e3o do PPgUSRN deseja sucesso a todos os candidatos<\/p>\n<\/div><\/div>","protected":false},"excerpt":{"rendered":"<p>O PPgUSRN comunica a rela\u00e7\u00e3o dos candidatos classificados para a fase de entrevista da sele\u00e7\u00e3o de Est\u00e1gio do PPgUSRN (Edital n. 22\/2019): Candidatos classificados para a fase de Entrevista Cinthya&#8230;<\/p>\n","protected":false},"author":1,"featured_media":0,"comment_status":"open","ping_status":"open","sticky":false,"template":"","format":"standard","meta":{"footnotes":""},"categories":[1],"tags":[],"_links":{"self":[{"href":"https:\/\/ppgusrn.cnat.ifrn.edu.br\/index.php\/wp-json\/wp\/v2\/posts\/2620"}],"collection":[{"href":"https:\/\/ppgusrn.cnat.ifrn.edu.br\/index.php\/wp-json\/wp\/v2\/posts"}],"about":[{"href":"https:\/\/ppgusrn.cnat.ifrn.edu.br\/index.php\/wp-json\/wp\/v2\/types\/post"}],"author":[{"embeddable":true,"href":"https:\/\/ppgusrn.cnat.ifrn.edu.br\/index.php\/wp-json\/wp\/v2\/users\/1"}],"replies":[{"embeddable":true,"href":"https:\/\/ppgusrn.cnat.ifrn.edu.br\/index.php\/wp-json\/wp\/v2\/comments?post=2620"}],"version-history":[{"count":3,"href":"https:\/\/ppgusrn.cnat.ifrn.edu.br\/index.php\/wp-json\/wp\/v2\/posts\/2620\/revisions"}],"predecessor-version":[{"id":2627,"href":"https:\/\/ppgusrn.cnat.ifrn.edu.br\/index.php\/wp-json\/wp\/v2\/posts\/2620\/revisions\/2627"}],"wp:attachment":[{"href":"https:\/\/ppgusrn.cnat.ifrn.edu.br\/index.php\/wp-json\/wp\/v2\/media?parent=2620"}],"wp:term":[{"taxonomy":"category","embeddable":true,"href":"https:\/\/ppgusrn.cnat.ifrn.edu.br\/index.php\/wp-json\/wp\/v2\/categories?post=2620"},{"taxonomy":"post_tag","embeddable":true,"href":"https:\/\/ppgusrn.cnat.ifrn.edu.br\/index.php\/wp-json\/wp\/v2\/tags?post=2620"}],"curies":[{"name":"wp","href":"https:\/\/api.w.org\/{rel}","templated":true}]}}