{"id":2737,"date":"2020-03-10T12:58:33","date_gmt":"2020-03-10T15:58:33","guid":{"rendered":"http:\/\/ppgusrn.cnat.ifrn.edu.br\/?p=2737"},"modified":"2020-03-10T13:01:11","modified_gmt":"2020-03-10T16:01:11","slug":"prorrogacao-dos-dias-para-matricula-dos-alunos-especiais-2020-1","status":"publish","type":"post","link":"https:\/\/ppgusrn.cnat.ifrn.edu.br\/index.php\/2020\/03\/10\/prorrogacao-dos-dias-para-matricula-dos-alunos-especiais-2020-1\/","title":{"rendered":"Acr\u00e9scimo nos dias para matricula de Alunos Especiais 2020.1"},"content":{"rendered":"<div id=\"dslc-theme-content\"><div id=\"dslc-theme-content-inner\"><p>O PPgUSRN prorroga a inscri\u00e7\u00e3o para candidatos aprovados como aluno especial para o semestre letivo de 2020.1. A matr\u00edcula ocorre de hoje at\u00e9 Quinta feira, dias 10 \u00e0 12 de mar\u00e7o\u00a0 (das 10h \u00e0s 14h), na secretaria do PPgUSRN, localizada na sala 05 da Diretoria Acad\u00eamica de Recursos Naturais (DIAREN), do Campus Natal Central do IFRN.<\/p>\n<p>Igualmente, informamos que os documentos necess\u00e1rios \u00e0 realiza\u00e7\u00e3o da matricula s\u00e3o:<br \/>\na) 2 fotos 3\u00d74, recentes e iguais;<br \/>\nb) Certificado de Quita\u00e7\u00e3o com o Servi\u00e7o Militar para candidatos do sexo masculino (C\u00f3pia e Original);<br \/>\nc) RG (C\u00f3pia e Original);<br \/>\nd) CPF (C\u00f3pia e Original);<br \/>\ne) Certid\u00e3o de Nascimento ou de Casamento (C\u00f3pia e Original);<br \/>\nf) T\u00edtulo de eleitor e comprovante de quita\u00e7\u00e3o eleitoral referente \u00e0 \u00faltima elei\u00e7\u00e3o (C\u00f3pia e Original);<br \/>\ng) Diploma e\/ou certificado de conclus\u00e3o de gradua\u00e7\u00e3o de institui\u00e7\u00e3o reconhecida pelo MEC (C\u00f3pia e Original).<\/p>\n<p><strong>RESULTADO<\/strong><\/p>\n<p><strong>Disciplina:<\/strong>\u00a0Agricultura Sustent\u00e1vel e Seguran\u00e7a Alimentar e Nutricional<\/p>\n<p><strong>DISCENTES DEFERIDOS:<\/strong><\/p>\n<p>Elis\u00e2ngela Correia da Cunha<\/p>\n<p>Thiago Pereira de Paiva Silva<\/p>\n<p>Orlando Maximiano de Oliveira Neto<\/p>\n<p><strong>\u00a0<\/strong><\/p>\n<p><strong>Disciplina:<\/strong>\u00a0Tratamento de \u00c1gua e Esgoto<\/p>\n<p><strong>DISCENTES DEFERIDOS:<\/strong><\/p>\n<p>Rafaela Alves Vicente Rodrigues da Silva<\/p>\n<p>Isabelle Cristine Patr\u00edcio dos Santos<\/p>\n<p>&nbsp;<\/p>\n<p><strong>Disciplina:<\/strong>\u00a0Gest\u00e3o e Tecnologia em Res\u00edduos S\u00f3lidos<\/p>\n<p><strong>DISCENTES DEFERIDOS:<\/strong><\/p>\n<p>Ana Beatriz Fernandes de Ara\u00fajo<\/p>\n<p>Andressa Varela da Rocha Silva<\/p>\n<p>Andr\u00e9 Luiz Bezerra da Silva<\/p>\n<p>Elaine Amaral Clemente Soto<\/p>\n<p>&nbsp;<\/p>\n<p><strong>Disciplina:<\/strong>\u00a0T\u00f3picos especiais I em Gerenciamento de Recursos H\u00eddricos<\/p>\n<p><strong>DISCENTES DEFERIDOS:<\/strong><\/p>\n<p>Rodrigo Felipe de Lima Rosa<\/p>\n<p>Isabelle Cristine Patricio dos Santos<\/p>\n<p>Ana Paula de Alencar Ferreira<\/p>\n<p>Cl\u00e1udia Regina Maciel Gomes Garcia<\/p>\n<p>Marilia Nunes Freire Ribeiro<\/p>\n<p>Jose Carlos da Silva Junior<\/p>\n<p>Ana Karlany Silva de Sena<\/p>\n<p>Andr\u00e9 Luiz Bezerra da Silva<\/p>\n<p>&nbsp;<\/p>\n<p><strong>Disciplina:<\/strong>\u00a0T\u00f3picos especiais II em Mudan\u00e7as Clim\u00e1ticas<\/p>\n<p><strong>DISCENTES DEFERIDOS:<\/strong><\/p>\n<p>Elaine Amaral Clemente<\/p>\n<p>Gabriel Di\u00f3genes Bezerra Rodrigues<\/p>\n<p>Mayara Cristina de Queiroz Silva<\/p>\n<p>&nbsp;<\/p>\n<p>As solicita\u00e7\u00f5es para alunos especiais nas disciplina\u00a0 \u201cEstrat\u00e9gias para a Sustentabilidade de Organiza\u00e7\u00f5es e de Cadeias Produtivas \u201d , \u201cT\u00f3picos especiais I em Materiais Comp\u00f3sitos Polim\u00e9ricos e Ensaios\u201d e \u201cPol\u00edticas P\u00fablicas, Sistemas Ambientais e Desenvolvimento<br \/>\nSustent\u00e1vel\u201d n\u00e3o foram aprovadas (ou deferidas).<\/p>\n<\/div><\/div>","protected":false},"excerpt":{"rendered":"<p>O PPgUSRN prorroga a inscri\u00e7\u00e3o para candidatos aprovados como aluno especial para o semestre letivo de 2020.1. A matr\u00edcula ocorre de hoje at\u00e9 Quinta feira, dias 10 \u00e0 12 de&#8230;<\/p>\n","protected":false},"author":1,"featured_media":0,"comment_status":"open","ping_status":"open","sticky":false,"template":"","format":"standard","meta":{"footnotes":""},"categories":[1],"tags":[],"_links":{"self":[{"href":"https:\/\/ppgusrn.cnat.ifrn.edu.br\/index.php\/wp-json\/wp\/v2\/posts\/2737"}],"collection":[{"href":"https:\/\/ppgusrn.cnat.ifrn.edu.br\/index.php\/wp-json\/wp\/v2\/posts"}],"about":[{"href":"https:\/\/ppgusrn.cnat.ifrn.edu.br\/index.php\/wp-json\/wp\/v2\/types\/post"}],"author":[{"embeddable":true,"href":"https:\/\/ppgusrn.cnat.ifrn.edu.br\/index.php\/wp-json\/wp\/v2\/users\/1"}],"replies":[{"embeddable":true,"href":"https:\/\/ppgusrn.cnat.ifrn.edu.br\/index.php\/wp-json\/wp\/v2\/comments?post=2737"}],"version-history":[{"count":4,"href":"https:\/\/ppgusrn.cnat.ifrn.edu.br\/index.php\/wp-json\/wp\/v2\/posts\/2737\/revisions"}],"predecessor-version":[{"id":2741,"href":"https:\/\/ppgusrn.cnat.ifrn.edu.br\/index.php\/wp-json\/wp\/v2\/posts\/2737\/revisions\/2741"}],"wp:attachment":[{"href":"https:\/\/ppgusrn.cnat.ifrn.edu.br\/index.php\/wp-json\/wp\/v2\/media?parent=2737"}],"wp:term":[{"taxonomy":"category","embeddable":true,"href":"https:\/\/ppgusrn.cnat.ifrn.edu.br\/index.php\/wp-json\/wp\/v2\/categories?post=2737"},{"taxonomy":"post_tag","embeddable":true,"href":"https:\/\/ppgusrn.cnat.ifrn.edu.br\/index.php\/wp-json\/wp\/v2\/tags?post=2737"}],"curies":[{"name":"wp","href":"https:\/\/api.w.org\/{rel}","templated":true}]}}