{"id":2803,"date":"2020-09-21T13:48:42","date_gmt":"2020-09-21T16:48:42","guid":{"rendered":"http:\/\/ppgusrn.cnat.ifrn.edu.br\/?p=2803"},"modified":"2020-09-21T13:57:17","modified_gmt":"2020-09-21T16:57:17","slug":"conselho-superior-aprova-calendario-academico-de-referencia-2020","status":"publish","type":"post","link":"https:\/\/ppgusrn.cnat.ifrn.edu.br\/index.php\/2020\/09\/21\/conselho-superior-aprova-calendario-academico-de-referencia-2020\/","title":{"rendered":"Conselho Superior aprova calend\u00e1rio acad\u00eamico de refer\u00eancia 2020"},"content":{"rendered":"<div id=\"dslc-theme-content\"><div id=\"dslc-theme-content-inner\"><p>&nbsp;<\/p>\n<p>&nbsp;<\/p>\n<p><img loading=\"lazy\" decoding=\"async\" class=\"size-medium wp-image-2804 alignright\" src=\"https:\/\/ppgusrn.cnat.ifrn.edu.br\/wp-content\/uploads\/2020\/09\/image_preview-300x225.png\" alt=\"\" width=\"300\" height=\"225\" srcset=\"https:\/\/ppgusrn.cnat.ifrn.edu.br\/wp-content\/uploads\/2020\/09\/image_preview-300x225.png 300w, https:\/\/ppgusrn.cnat.ifrn.edu.br\/wp-content\/uploads\/2020\/09\/image_preview.png 400w\" sizes=\"(max-width: 300px) 100vw, 300px\" \/><\/p>\n<p>&nbsp;<\/p>\n<p>&nbsp;<\/p>\n<p>&nbsp;<\/p>\n<p>&nbsp;<\/p>\n<p>O Conselho Superior do IFRN se reuniu extraordinariamente nesta sexta-feira, 11 de setembro, para realizar as discuss\u00f5es necess\u00e1rias aos encaminhamentos para retomada do calend\u00e1rio acad\u00eamico 2020.<\/p>\n<p>A professora Samira Delgado, Diretora-Geral do\u00a0<em>Campus<\/em>\u00a0Santa Cruz, apresentou a proposta de calend\u00e1rio refer\u00eancia que j\u00e1 havia sido apreciada pelo Col\u00e9gio de Dirigentes &#8211; CODIR, do qual tamb\u00e9m \u00e9 integrante.<\/p>\n<p>Os membros do CONSUP aprovaram e encaminharam para homologa\u00e7\u00e3o a retomada das atividades com as seguintes datas principais:<\/p>\n<div>\n<div>\n<table class=\"plain\">\n<thead>\n<tr>\n<th>CALEND\u00c1RIO<br \/>\nDE REFER\u00caNCIA 2020<\/th>\n<th>DATAS<br \/>\nPRINCIPAIS<\/th>\n<\/tr>\n<\/thead>\n<tbody>\n<tr>\n<td>Semana de ambienta\u00e7\u00e3o para docentes e demais servidores<\/td>\n<td>21 a 25.09.2020<\/td>\n<\/tr>\n<tr>\n<td>Semin\u00e1rio de integra\u00e7\u00e3o<\/td>\n<td>24 e 25.09.2020<\/td>\n<\/tr>\n<tr>\n<td>Semana de forma\u00e7\u00e3o\/ambienta\u00e7\u00e3o para estudantes<\/td>\n<td>28 a 02.10.2020<\/td>\n<\/tr>\n<tr>\n<td>In\u00edcio das aulas remotas<\/td>\n<td>05.10.2020<\/td>\n<\/tr>\n<\/tbody>\n<\/table>\n<p>&nbsp;<\/p>\n<\/div>\n<div>Durante a reuni\u00e3o, al\u00e9m do calend\u00e1rio de refer\u00eancia, os conselheiros apreciaram o plano de retomada das atividades acad\u00eamicas e tamb\u00e9m aprovaram com ressalvas, por unanimidade,\u00a0a Resolu\u00e7\u00e3o n\u00ba 39\/2020 CONSUP\/IFRN, emitida\u00a0no modo\u00a0<em>ad referendum\u00a0<\/em>pelo reitor\u00a0<em>pro tempore\u00a0<\/em>Josu\u00e9 Moreira, ou seja, sujeita \u00e0 aceita\u00e7\u00e3o posterior por parte do colegiado.<\/div>\n<div>A apresenta\u00e7\u00e3o do plano de retomada foi realizada pelo professor Edmilson Barbalho, Diretor-Geral do\u00a0<em>Campus<\/em>\u00a0Zona Norte, representando a Comiss\u00e3o estrat\u00e9gica de ensino &#8211; infraestrutura e condi\u00e7\u00f5es de acesso, e pela professora Gilmara Freire Azevedo, Diretora Acad\u00eamica do\u00a0<em>Campus<\/em>\u00a0Jo\u00e3o C\u00e2mara, coordenadora da Comiss\u00e3o estrat\u00e9gica de ensino &#8211; diretrizes pedag\u00f3gicas. Estruturado pelos eixos (1) Capacita\u00e7\u00e3o, (2) Infraestrutura e condi\u00e7\u00f5es de acesso; e (3) Diretrizes pedag\u00f3gicas, o plano de retomada foi constru\u00eddo coletivamente, com o objetivo de orientar os\u00a0<em>campi<\/em>\u00a0para o retorno das atividades acad\u00eamicas com o menor impacto poss\u00edvel aos estudantes do IFRN.<\/div>\n<div><\/div>\n<div><\/div>\n<\/div>\n<div><\/div>\n<div><strong><a class=\"internal-link\" title=\"Calend\u00e1rio Acad\u00eamico Institucional de Refer\u00eancia 2020\" href=\"https:\/\/portal.ifrn.edu.br\/arquivos\/calendario-academico-institucional-de-referencia-2020\">Calend\u00e1rio Acad\u00eamico Institucional de Refer\u00eancia 2020<\/a><\/strong><\/div>\n<\/div><\/div>","protected":false},"excerpt":{"rendered":"<p>&nbsp; &nbsp; &nbsp; &nbsp; &nbsp; &nbsp; O Conselho Superior do IFRN se reuniu extraordinariamente nesta sexta-feira, 11 de setembro, para realizar as discuss\u00f5es necess\u00e1rias aos encaminhamentos para retomada do calend\u00e1rio&#8230;<\/p>\n","protected":false},"author":1,"featured_media":0,"comment_status":"open","ping_status":"open","sticky":false,"template":"","format":"standard","meta":{"footnotes":""},"categories":[1],"tags":[],"_links":{"self":[{"href":"https:\/\/ppgusrn.cnat.ifrn.edu.br\/index.php\/wp-json\/wp\/v2\/posts\/2803"}],"collection":[{"href":"https:\/\/ppgusrn.cnat.ifrn.edu.br\/index.php\/wp-json\/wp\/v2\/posts"}],"about":[{"href":"https:\/\/ppgusrn.cnat.ifrn.edu.br\/index.php\/wp-json\/wp\/v2\/types\/post"}],"author":[{"embeddable":true,"href":"https:\/\/ppgusrn.cnat.ifrn.edu.br\/index.php\/wp-json\/wp\/v2\/users\/1"}],"replies":[{"embeddable":true,"href":"https:\/\/ppgusrn.cnat.ifrn.edu.br\/index.php\/wp-json\/wp\/v2\/comments?post=2803"}],"version-history":[{"count":4,"href":"https:\/\/ppgusrn.cnat.ifrn.edu.br\/index.php\/wp-json\/wp\/v2\/posts\/2803\/revisions"}],"predecessor-version":[{"id":2808,"href":"https:\/\/ppgusrn.cnat.ifrn.edu.br\/index.php\/wp-json\/wp\/v2\/posts\/2803\/revisions\/2808"}],"wp:attachment":[{"href":"https:\/\/ppgusrn.cnat.ifrn.edu.br\/index.php\/wp-json\/wp\/v2\/media?parent=2803"}],"wp:term":[{"taxonomy":"category","embeddable":true,"href":"https:\/\/ppgusrn.cnat.ifrn.edu.br\/index.php\/wp-json\/wp\/v2\/categories?post=2803"},{"taxonomy":"post_tag","embeddable":true,"href":"https:\/\/ppgusrn.cnat.ifrn.edu.br\/index.php\/wp-json\/wp\/v2\/tags?post=2803"}],"curies":[{"name":"wp","href":"https:\/\/api.w.org\/{rel}","templated":true}]}}