{"id":3046,"date":"2021-03-15T15:53:40","date_gmt":"2021-03-15T18:53:40","guid":{"rendered":"http:\/\/ppgusrn.cnat.ifrn.edu.br\/?p=3046"},"modified":"2021-03-15T15:53:40","modified_gmt":"2021-03-15T18:53:40","slug":"encontro-academico-impacto-das-ciencias-ambientais-na-agenda-2030","status":"publish","type":"post","link":"https:\/\/ppgusrn.cnat.ifrn.edu.br\/index.php\/2021\/03\/15\/encontro-academico-impacto-das-ciencias-ambientais-na-agenda-2030\/","title":{"rendered":"Encontro Acad\u00eamico &#8211; Impacto das Ci\u00eancias Ambientais na Agenda 2030"},"content":{"rendered":"<div id=\"dslc-theme-content\"><div id=\"dslc-theme-content-inner\"><p><img loading=\"lazy\" decoding=\"async\" class=\"size-medium wp-image-3049 aligncenter\" src=\"https:\/\/ppgusrn.cnat.ifrn.edu.br\/wp-content\/uploads\/2021\/03\/image-300x163.png\" alt=\"\" width=\"300\" height=\"163\" srcset=\"https:\/\/ppgusrn.cnat.ifrn.edu.br\/wp-content\/uploads\/2021\/03\/image-300x163.png 300w, https:\/\/ppgusrn.cnat.ifrn.edu.br\/wp-content\/uploads\/2021\/03\/image-768x417.png 768w, https:\/\/ppgusrn.cnat.ifrn.edu.br\/wp-content\/uploads\/2021\/03\/image.png 896w\" sizes=\"(max-width: 300px) 100vw, 300px\" \/><\/p>\n<p>Nos dias 16 e 17 de mar\u00e7o de 2021, das 9h00 \u00e0s 19h00, no\u00a0Audit\u00f3rio Alfredo Bosi, Instituto de Estudos Avan\u00e7ados da USP, S\u00e3o Paulo, ocorrer\u00e1 o <strong>Encontro Acad\u00eamico &#8220;Impacto das Ci\u00eancias Ambientais na Agenda 2030&#8221;.<\/strong><\/p>\n<p>O Encontro Acad\u00eamico \u201cImpacto das Ci\u00eancias Ambientais na Agenda 2030\u201d objetiva refletir e debater a atua\u00e7\u00e3o dos Programas de P\u00f3s-Gradua\u00e7\u00e3o (PPGs) da \u00c1rea de Ci\u00eancias Ambientais \u2013 CiAmb no processo de incorpora\u00e7\u00e3o dos Objetivos de Desenvolvimento Sustent\u00e1vel (ODS) da Agenda 2030 da Organiza\u00e7\u00e3o das Na\u00e7\u00f5es Unidas (ONU), em suas atividades de ensino, pesquisa e extens\u00e3o.<\/p>\n<p>Mais informa\u00e7\u00f5es sobre o evento, a programa\u00e7\u00e3o e seus respectivos hor\u00e1rios, poder\u00e3o ser vistas a seguir:\u00a0<a href=\"https:\/\/ppgusrn.cnat.ifrn.edu.br\/wp-content\/uploads\/2021\/03\/Programa-Encontro-Acade\u0302mico-Cie\u0302ncias-ambientais-e-ODS.pdf\">Programa Encontro Acade\u0302mico Cie\u0302ncias ambientais e ODS<\/a><\/p>\n<p>&nbsp;<\/p>\n<\/div><\/div>","protected":false},"excerpt":{"rendered":"<p>Nos dias 16 e 17 de mar\u00e7o de 2021, das 9h00 \u00e0s 19h00, no\u00a0Audit\u00f3rio Alfredo Bosi, Instituto de Estudos Avan\u00e7ados da USP, S\u00e3o Paulo, ocorrer\u00e1 o Encontro Acad\u00eamico &#8220;Impacto das&#8230;<\/p>\n","protected":false},"author":1,"featured_media":0,"comment_status":"open","ping_status":"open","sticky":false,"template":"","format":"standard","meta":{"footnotes":""},"categories":[1],"tags":[],"_links":{"self":[{"href":"https:\/\/ppgusrn.cnat.ifrn.edu.br\/index.php\/wp-json\/wp\/v2\/posts\/3046"}],"collection":[{"href":"https:\/\/ppgusrn.cnat.ifrn.edu.br\/index.php\/wp-json\/wp\/v2\/posts"}],"about":[{"href":"https:\/\/ppgusrn.cnat.ifrn.edu.br\/index.php\/wp-json\/wp\/v2\/types\/post"}],"author":[{"embeddable":true,"href":"https:\/\/ppgusrn.cnat.ifrn.edu.br\/index.php\/wp-json\/wp\/v2\/users\/1"}],"replies":[{"embeddable":true,"href":"https:\/\/ppgusrn.cnat.ifrn.edu.br\/index.php\/wp-json\/wp\/v2\/comments?post=3046"}],"version-history":[{"count":1,"href":"https:\/\/ppgusrn.cnat.ifrn.edu.br\/index.php\/wp-json\/wp\/v2\/posts\/3046\/revisions"}],"predecessor-version":[{"id":3051,"href":"https:\/\/ppgusrn.cnat.ifrn.edu.br\/index.php\/wp-json\/wp\/v2\/posts\/3046\/revisions\/3051"}],"wp:attachment":[{"href":"https:\/\/ppgusrn.cnat.ifrn.edu.br\/index.php\/wp-json\/wp\/v2\/media?parent=3046"}],"wp:term":[{"taxonomy":"category","embeddable":true,"href":"https:\/\/ppgusrn.cnat.ifrn.edu.br\/index.php\/wp-json\/wp\/v2\/categories?post=3046"},{"taxonomy":"post_tag","embeddable":true,"href":"https:\/\/ppgusrn.cnat.ifrn.edu.br\/index.php\/wp-json\/wp\/v2\/tags?post=3046"}],"curies":[{"name":"wp","href":"https:\/\/api.w.org\/{rel}","templated":true}]}}