{"id":4198,"date":"2023-03-25T09:28:41","date_gmt":"2023-03-25T12:28:41","guid":{"rendered":"http:\/\/ppgusrn.cnat.ifrn.edu.br\/?p=4198"},"modified":"2023-03-26T14:34:37","modified_gmt":"2023-03-26T17:34:37","slug":"resultado-do-edital-01-2023-aluno-especial","status":"publish","type":"post","link":"https:\/\/ppgusrn.cnat.ifrn.edu.br\/index.php\/2023\/03\/25\/resultado-do-edital-01-2023-aluno-especial\/","title":{"rendered":"Resultado do Edital 01\/2023 &#8211; Aluno Especial"},"content":{"rendered":"<div id=\"dslc-theme-content\"><div id=\"dslc-theme-content-inner\"><p><img loading=\"lazy\" decoding=\"async\" class=\"wp-image-3817 size-medium aligncenter\" src=\"https:\/\/ppgusrn.cnat.ifrn.edu.br\/wp-content\/uploads\/2022\/07\/logo-png-e1657714945249-300x89.png\" alt=\"\" width=\"300\" height=\"89\" srcset=\"https:\/\/ppgusrn.cnat.ifrn.edu.br\/wp-content\/uploads\/2022\/07\/logo-png-e1657714945249-300x89.png 300w, https:\/\/ppgusrn.cnat.ifrn.edu.br\/wp-content\/uploads\/2022\/07\/logo-png-e1657714945249.png 350w\" sizes=\"(max-width: 300px) 100vw, 300px\" \/><\/p>\n<p>&nbsp;<\/p>\n<p>A Coordena\u00e7\u00e3o do Programa de P\u00f3s-gradua\u00e7\u00e3o em Uso Sustent\u00e1vel de Recursos Naturais \u2013 PPgUSRN, torna p\u00fablico o Resultado do Edital 01\/2023, para sele\u00e7\u00e3o de\u00a0 Alunos Especiais.<\/p>\n<p style=\"text-align: center;\"><strong>ALUNOS ESPECIAIS \u2013 MESTRADO PROFISSIONAL \u2013 EDITAL 2023.1<\/strong><\/p>\n<p><b>Polui\u00e7\u00e3o e Controle Ambiental:<\/b><\/p>\n<table>\n<tbody>\n<tr>\n<td>Emanuelle Diva Batista Lima<\/td>\n<td>DEFERIDO<\/td>\n<\/tr>\n<tr>\n<td>Ennelay Luana Alves de Lima<\/td>\n<td>DEFERIDO<\/td>\n<\/tr>\n<tr>\n<td>Igor Julyetson Silva Proc\u00f3pio<\/td>\n<td>DEFERIDO<\/td>\n<\/tr>\n<tr>\n<td>Josiene Pinheiro de Lima da Silva<\/td>\n<td>INDEFERIDO<\/td>\n<\/tr>\n<tr>\n<td>Jov\u00e2nio Galv\u00e3o de Santana<\/td>\n<td>DEFERIDO<\/td>\n<\/tr>\n<tr>\n<td>Juliana Rodrigues do Nascimento<\/td>\n<td>INDEFERIDO<\/td>\n<\/tr>\n<tr>\n<td>Lidiane Ara\u00fajo Lima e Silva de Castro<\/td>\n<td>INDEFERIDO<\/td>\n<\/tr>\n<tr>\n<td>Luciano Henrique Pereira da Silva<\/td>\n<td>DEFERIDO<\/td>\n<\/tr>\n<tr>\n<td>Werley Dayan Fernandes de Oliveira<\/td>\n<td>INDEFERIDO<\/td>\n<\/tr>\n<\/tbody>\n<\/table>\n<p>&nbsp;<\/p>\n<p><b>Tratamento de \u00c1guas e Esgotos:<\/b><\/p>\n<table>\n<tbody>\n<tr>\n<td><span style=\"font-weight: 400;\">Ennelay Luana Alves de Lima<\/span><\/td>\n<td><span style=\"font-weight: 400;\">DEFERIDO<\/span><\/td>\n<\/tr>\n<tr>\n<td><span style=\"font-weight: 400;\">Josiene Pinheiro de Lima da Silva<\/span><\/td>\n<td><span style=\"font-weight: 400;\">INDEFERIDO<\/span><\/td>\n<\/tr>\n<tr>\n<td><span style=\"font-weight: 400;\">Lidiane Ara\u00fajo Lima e Silva de Castro\u00a0<\/span><\/td>\n<td><span style=\"font-weight: 400;\">INDEFERIDO<\/span><\/td>\n<\/tr>\n<tr>\n<td><span style=\"font-weight: 400;\">Mirlene Neyce Soares Pereira dos Reis<\/span><\/td>\n<td><span style=\"font-weight: 400;\">DEFERIDO<\/span><\/td>\n<\/tr>\n<tr>\n<td><span style=\"font-weight: 400;\">Nilton Ribeiro Pereira Bomfim<\/span><\/td>\n<td><span style=\"font-weight: 400;\">INDEFERIDO<\/span><\/td>\n<\/tr>\n<\/tbody>\n<\/table>\n<p>&nbsp;<\/p>\n<p><b>Gest\u00e3o e Tecnologia em Res\u00edduos S\u00f3lidos:<\/b><\/p>\n<table>\n<tbody>\n<tr>\n<td><span style=\"font-weight: 400;\">Brena Kezia Vieira Alves<\/span><\/td>\n<td><span style=\"font-weight: 400;\">DEFERIDO<\/span><\/td>\n<\/tr>\n<tr>\n<td><span style=\"font-weight: 400;\">C\u00e9lia da Concei\u00e7\u00e3o Reis de Santana<\/span><\/td>\n<td><span style=\"font-weight: 400;\">INDEFERIDO<\/span><\/td>\n<\/tr>\n<tr>\n<td><span style=\"font-weight: 400;\">Emanuelle Diva Batista Lima<\/span><\/td>\n<td><span style=\"font-weight: 400;\">INDEFERIDO<\/span><\/td>\n<\/tr>\n<tr>\n<td><span style=\"font-weight: 400;\">Igor Julyetson Silva Proc\u00f3pio<\/span><\/td>\n<td><span style=\"font-weight: 400;\">DEFERIDO<\/span><\/td>\n<\/tr>\n<tr>\n<td><span style=\"font-weight: 400;\">Isabelli Daniel de Souza<\/span><\/td>\n<td><span style=\"font-weight: 400;\">INDEFERIDO<\/span><\/td>\n<\/tr>\n<tr>\n<td><span style=\"font-weight: 400;\">Joabe de Souza Morais<\/span><\/td>\n<td><span style=\"font-weight: 400;\">INDEFERIDO<\/span><\/td>\n<\/tr>\n<tr>\n<td><span style=\"font-weight: 400;\">Jos\u00e9 Jonailson de Oliveira Penha<\/span><\/td>\n<td><span style=\"font-weight: 400;\">DEFERIDO<\/span><\/td>\n<\/tr>\n<tr>\n<td><span style=\"font-weight: 400;\">Viviane Dantas Azevedo<\/span><\/td>\n<td><span style=\"font-weight: 400;\">INDEFERIDO<\/span><\/td>\n<\/tr>\n<\/tbody>\n<\/table>\n<p>&nbsp;<\/p>\n<p><b>Estrat\u00e9gias para a Sustentabilidade de Organiza\u00e7\u00f5es e de Cadeias Produtivas:<\/b><\/p>\n<table>\n<tbody>\n<tr>\n<td><span style=\"font-weight: 400;\">Ailton Deuzimar de Sousa J\u00fanior<\/span><\/td>\n<td><span style=\"font-weight: 400;\">DEFERIDO<\/span><\/td>\n<\/tr>\n<tr>\n<td><span style=\"font-weight: 400;\">Diderot Franco Sampaio Junior<\/span><\/td>\n<td><span style=\"font-weight: 400;\">DEFERIDO<\/span><\/td>\n<\/tr>\n<tr>\n<td><span style=\"font-weight: 400;\">Evanildo Costa dos Santos<\/span><\/td>\n<td><span style=\"font-weight: 400;\">DEFERIDO<\/span><\/td>\n<\/tr>\n<tr>\n<td><span style=\"font-weight: 400;\">Jos\u00e9 Jonailson de Oliveira Penha<\/span><\/td>\n<td><span style=\"font-weight: 400;\">INDEFERIDO<\/span><\/td>\n<\/tr>\n<tr>\n<td><span style=\"font-weight: 400;\">Jov\u00e2nio Galv\u00e3o de Santana<\/span><\/td>\n<td><span style=\"font-weight: 400;\">DEFERIDO<\/span><\/td>\n<\/tr>\n<tr>\n<td><span style=\"font-weight: 400;\">La\u00eds St\u00e9phanie Baz\u00edlio da Silva<\/span><\/td>\n<td><span style=\"font-weight: 400;\">DEFERIDO<\/span><\/td>\n<\/tr>\n<tr>\n<td><span style=\"font-weight: 400;\">Renan Kliver de Andrade Costa<\/span><\/td>\n<td><span style=\"font-weight: 400;\">DEFERIDO<\/span><\/td>\n<\/tr>\n<tr>\n<td><span style=\"font-weight: 400;\">Werley Dayan Fernandes de Oliveira<\/span><\/td>\n<td><span style=\"font-weight: 400;\">DEFERIDO<\/span><\/td>\n<\/tr>\n<\/tbody>\n<\/table>\n<p>&nbsp;<\/p>\n<p><b>Pol\u00edticas P\u00fablicas, Sistemas Ambientais e Desenvolvimento Sustent\u00e1vel:<\/b><\/p>\n<table>\n<tbody>\n<tr>\n<td><span style=\"font-weight: 400;\">Andressa Giovanna Fernandes de Amorim Queiroz<\/span><\/td>\n<td><span style=\"font-weight: 400;\">INDEFERIDO<\/span><\/td>\n<\/tr>\n<tr>\n<td><span style=\"font-weight: 400;\">Brena Kezia Vieira Alves<\/span><\/td>\n<td><span style=\"font-weight: 400;\">INDEFERIDO<\/span><\/td>\n<\/tr>\n<tr>\n<td><span style=\"font-weight: 400;\">C\u00e9lia da Concei\u00e7\u00e3o Reis de Santana<\/span><\/td>\n<td><span style=\"font-weight: 400;\">INDEFERIDO<\/span><\/td>\n<\/tr>\n<tr>\n<td><span style=\"font-weight: 400;\">Danielle Sthefany Silva Mani\u00e7oba<\/span><\/td>\n<td><span style=\"font-weight: 400;\">DEFERIDO<\/span><\/td>\n<\/tr>\n<tr>\n<td><span style=\"font-weight: 400;\">Evanildo Costa dos Santos<\/span><\/td>\n<td><span style=\"font-weight: 400;\">DEFERIDO<\/span><\/td>\n<\/tr>\n<tr>\n<td><span style=\"font-weight: 400;\">Isabelli Daniel de Souza<\/span><\/td>\n<td><span style=\"font-weight: 400;\">INDEFERIDO<\/span><\/td>\n<\/tr>\n<tr>\n<td><span style=\"font-weight: 400;\">Jeozane Ribeiro Da Costa Lucena<\/span><\/td>\n<td><span style=\"font-weight: 400;\">DEFERIDO<\/span><\/td>\n<\/tr>\n<tr>\n<td><span style=\"font-weight: 400;\">Joseane Pinheiro de Lima<\/span><\/td>\n<td><span style=\"font-weight: 400;\">INDEFERIDO<\/span><\/td>\n<\/tr>\n<tr>\n<td><span style=\"font-weight: 400;\">Juliana Rodrigues do Nascimento<\/span><\/td>\n<td><span style=\"font-weight: 400;\">DEFERIDO<\/span><\/td>\n<\/tr>\n<tr>\n<td><span style=\"font-weight: 400;\">Let\u00edcia dos Santos Fons\u00eaca<\/span><\/td>\n<td><span style=\"font-weight: 400;\">INDEFERIDO<\/span><\/td>\n<\/tr>\n<tr>\n<td><span style=\"font-weight: 400;\">Liliane Pereira da Silva<\/span><\/td>\n<td><span style=\"font-weight: 400;\">INDEFERIDO<\/span><\/td>\n<\/tr>\n<tr>\n<td><span style=\"font-weight: 400;\">Nilton Ribeiro Pereira Bomfim<\/span><\/td>\n<td><span style=\"font-weight: 400;\">DEFERIDO<\/span><\/td>\n<\/tr>\n<tr>\n<td><span style=\"font-weight: 400;\">Renan Kliver de Andrade Costa<\/span><\/td>\n<td><span style=\"font-weight: 400;\">DEFERIDO<\/span><\/td>\n<\/tr>\n<tr>\n<td><span style=\"font-weight: 400;\">Veruska Lilian Fernandes de Medeiros Cerchi<\/span><\/td>\n<td><span style=\"font-weight: 400;\">DEFERIDO<\/span><\/td>\n<\/tr>\n<\/tbody>\n<\/table>\n<p>&nbsp;<\/p>\n<p><b>T\u00f3picos Especiais em Propriedade Intelectual:<\/b><\/p>\n<table>\n<tbody>\n<tr>\n<td><span style=\"font-weight: 400;\">Ailton Deuzimar de Sousa J\u00fanior<\/span><\/td>\n<td><span style=\"font-weight: 400;\">DEFERIDO<\/span><\/td>\n<\/tr>\n<tr>\n<td><span style=\"font-weight: 400;\">Andressa Giovanna Fernandes de Amorim Queiroz<\/span><\/td>\n<td><span style=\"font-weight: 400;\">DEFERIDO<\/span><\/td>\n<\/tr>\n<tr>\n<td><span style=\"font-weight: 400;\">Diderot Franco Sampaio Junior<\/span><\/td>\n<td><span style=\"font-weight: 400;\">INDEFERIDO<\/span><\/td>\n<\/tr>\n<tr>\n<td><span style=\"font-weight: 400;\">Joseane Pinheiro De Lima<\/span><\/td>\n<td><span style=\"font-weight: 400;\">DEFERIDO<\/span><\/td>\n<\/tr>\n<tr>\n<td><span style=\"font-weight: 400;\">La\u00eds St\u00e9phanie Baz\u00edlio da Silva<\/span><\/td>\n<td><span style=\"font-weight: 400;\">DEFERIDO<\/span><\/td>\n<\/tr>\n<tr>\n<td><span style=\"font-weight: 400;\">Liliane Pereira da Silva<\/span><\/td>\n<td><span style=\"font-weight: 400;\">DEFERIDO<\/span><\/td>\n<\/tr>\n<tr>\n<td><span style=\"font-weight: 400;\">Viviane Dantas Azevedo<\/span><\/td>\n<td><span style=\"font-weight: 400;\">INDEFERIDO<\/span><\/td>\n<\/tr>\n<\/tbody>\n<\/table>\n<p>Caber\u00e1 recurso em rela\u00e7\u00e3o ao resultado do processo de sele\u00e7\u00e3o no prazo de 24 horas a contar da data de publica\u00e7\u00e3o do resultado. A solicita\u00e7\u00e3o dever\u00e1 ser dirigida \u00e0 Coordena\u00e7\u00e3o do Programa de P\u00f3s-gradua\u00e7\u00e3o em Uso Sustent\u00e1vel de Recursos Naturais (PPgUSRN) pelo e-mail (ppgusrn@ifrn.edu.br). O pedido dever\u00e1 ser justificado e indicar com precis\u00e3o o ponto sobre o qual versa a reclama\u00e7\u00e3o. O recorrente dever\u00e1 expor os fundamentos do pedido de forma clara e objetiva, podendo juntar os documentos que julgar convenientes.<\/p>\n<p>Ao Aluno Especial em caso de aprova\u00e7\u00e3o em processo seletivo futuro para o Programa de P\u00f3s-Gradua\u00e7\u00e3o em Uso Sustent\u00e1vel de Recursos Naturais. O Programa se reserva o direito de n\u00e3o preencher todas as vagas oferecidas neste processo seletivo.<\/p>\n<\/div><\/div>","protected":false},"excerpt":{"rendered":"<p>&nbsp; A Coordena\u00e7\u00e3o do Programa de P\u00f3s-gradua\u00e7\u00e3o em Uso Sustent\u00e1vel de Recursos Naturais \u2013 PPgUSRN, torna p\u00fablico o Resultado do Edital 01\/2023, para sele\u00e7\u00e3o de\u00a0 Alunos Especiais. ALUNOS ESPECIAIS \u2013&#8230;<\/p>\n","protected":false},"author":1,"featured_media":0,"comment_status":"open","ping_status":"open","sticky":false,"template":"","format":"standard","meta":{"footnotes":""},"categories":[1],"tags":[],"_links":{"self":[{"href":"https:\/\/ppgusrn.cnat.ifrn.edu.br\/index.php\/wp-json\/wp\/v2\/posts\/4198"}],"collection":[{"href":"https:\/\/ppgusrn.cnat.ifrn.edu.br\/index.php\/wp-json\/wp\/v2\/posts"}],"about":[{"href":"https:\/\/ppgusrn.cnat.ifrn.edu.br\/index.php\/wp-json\/wp\/v2\/types\/post"}],"author":[{"embeddable":true,"href":"https:\/\/ppgusrn.cnat.ifrn.edu.br\/index.php\/wp-json\/wp\/v2\/users\/1"}],"replies":[{"embeddable":true,"href":"https:\/\/ppgusrn.cnat.ifrn.edu.br\/index.php\/wp-json\/wp\/v2\/comments?post=4198"}],"version-history":[{"count":5,"href":"https:\/\/ppgusrn.cnat.ifrn.edu.br\/index.php\/wp-json\/wp\/v2\/posts\/4198\/revisions"}],"predecessor-version":[{"id":4218,"href":"https:\/\/ppgusrn.cnat.ifrn.edu.br\/index.php\/wp-json\/wp\/v2\/posts\/4198\/revisions\/4218"}],"wp:attachment":[{"href":"https:\/\/ppgusrn.cnat.ifrn.edu.br\/index.php\/wp-json\/wp\/v2\/media?parent=4198"}],"wp:term":[{"taxonomy":"category","embeddable":true,"href":"https:\/\/ppgusrn.cnat.ifrn.edu.br\/index.php\/wp-json\/wp\/v2\/categories?post=4198"},{"taxonomy":"post_tag","embeddable":true,"href":"https:\/\/ppgusrn.cnat.ifrn.edu.br\/index.php\/wp-json\/wp\/v2\/tags?post=4198"}],"curies":[{"name":"wp","href":"https:\/\/api.w.org\/{rel}","templated":true}]}}