{"id":4424,"date":"2023-06-13T16:58:12","date_gmt":"2023-06-13T19:58:12","guid":{"rendered":"http:\/\/ppgusrn.cnat.ifrn.edu.br\/?p=4424"},"modified":"2023-06-13T16:59:09","modified_gmt":"2023-06-13T19:59:09","slug":"4424","status":"publish","type":"post","link":"https:\/\/ppgusrn.cnat.ifrn.edu.br\/index.php\/2023\/06\/13\/4424\/","title":{"rendered":"Defesa de TCC da Discente Joanna Priscila de Sousa Paiva"},"content":{"rendered":"<div id=\"dslc-theme-content\"><div id=\"dslc-theme-content-inner\"><p><img loading=\"lazy\" decoding=\"async\" class=\"wp-image-3817 size-medium aligncenter\" src=\"https:\/\/ppgusrn.cnat.ifrn.edu.br\/wp-content\/uploads\/2022\/07\/logo-png-e1657714945249-300x89.png\" alt=\"\" width=\"300\" height=\"89\" srcset=\"https:\/\/ppgusrn.cnat.ifrn.edu.br\/wp-content\/uploads\/2022\/07\/logo-png-e1657714945249-300x89.png 300w, https:\/\/ppgusrn.cnat.ifrn.edu.br\/wp-content\/uploads\/2022\/07\/logo-png-e1657714945249.png 350w\" sizes=\"(max-width: 300px) 100vw, 300px\" \/><\/p>\n<div>O PPgUSRN informa a todos que a Defesa de TCC da discente\u00a0<strong>JOANNA PRISCILA DE SOUSA PAIVA<\/strong>\u00a0acontecer\u00e1 no dia 14 de JUNHO de 2023 \u00e0s 08:00H, em que apresentar\u00e1 o trabalho intitulado:\u00a0<strong>CARACTERIZA\u00c7\u00c3O E AVALIA\u00c7\u00c3O DE NOVO DEP\u00d3SITO MINERAL DE VERMICULITA EM S\u00c3O TOM\u00c9-RN<\/strong><\/div>\n<div><\/div>\n<div>\n<p><strong>Banca Examinadora:<\/strong><\/p>\n<ul>\n<li>Presidente da banca\/Orientador(a):\u00a0<strong>Prof. Dr.\u00a0Mario Tavares de Oliveira Cavalcanti Neto (IFRN)<\/strong><\/li>\n<li>Avaliador(a) Interno(a) 1:\u00a0<strong>Prof.\u00a0Dr.\u00a0J\u00falio C\u00e9sar de Pontes (IFRN)<\/strong><\/li>\n<li>Avaliador(a) Externo(a) 1: <strong>Prof.\u00a0Dr.\u00a0Jo\u00e3o Maria Soares (UERN)<\/strong><\/li>\n<\/ul>\n<p>RESUMO:\u00a0O uso da vermiculita surge como um importante instrumento ao conceito de sustentabilidade, por se tratar de um mineral tem sido amplamente utilizado em diversas \u00e1reas, apresentando grande relev\u00e2ncia especialmente na agricultura. A vermiculita \u00e9 usada principalmente na forma expandida e suas propriedades \u00fanicas, como leveza, capacidade de reten\u00e7\u00e3o de \u00e1gua e resist\u00eancia ao fogo, com aplicabilidade em diferentes setores. Na constru\u00e7\u00e3o civil, \u00e9 aplicada em isolamentos t\u00e9rmicos, ac\u00fasticos e em concretos leves. Tem uso no tratamento de \u00e1gua, na ind\u00fastria qu\u00edmica e materiais refrat\u00e1rios. Na agricultura, \u00e9 usada como componente de substratos e adubo, melhorando o crescimento das plantas. O presente estudo tem por objetivo fazer uma apresenta\u00e7\u00e3o da ocorr\u00eancia da Vermiculita Boqueir\u00e3o, no estado do Rio Grande do Norte. Foi realizada a caracteriza\u00e7\u00e3o tecnol\u00f3gica do min\u00e9rio a partir de um dep\u00f3sito rec\u00e9m-descoberto e ainda n\u00e3o catalogado no munic\u00edpio de S\u00e3o Tom\u00e9 (RN). A coleta de dados foi realizada diretamente do dep\u00f3sito mineral, onde foram coletadas as amostras do min\u00e9rio. Foram realizados ensaios f\u00edsicos e qu\u00edmicos, como Espectrometria por Fluoresc\u00eancia de Raio-X (FRX), Microscopia Eletr\u00f4nica de Varredura (MEV), e ensaios granulom\u00e9tricos e de esfolia\u00e7\u00e3o. Por fim, s\u00e3o mostrados os resultados referentes a utiliza\u00e7\u00e3o da Vermiculita Boqueir\u00e3o como condicionador de solo. O enfoque deste trabalho \u00e9 a apresenta\u00e7\u00e3o de relat\u00f3rio t\u00e9cnico envolvendo a an\u00e1lise de dados pertinentes ao modo de ocorr\u00eancia, especifica\u00e7\u00f5es do min\u00e9rio, potencialidade de reserva mineral, dados de mercado, inova\u00e7\u00f5es tecnol\u00f3gicas, novas oportunidades de investimentos e fortalecimento da competitividade dos produtos norte-rio-grandense no mercado. O relat\u00f3rio t\u00e9cnico apresentado para a empresa da Vermiculita Boqueir\u00e3o \u00e9 aprofundado nesse trabalho, e culmina no produto tecnol\u00f3gico, a fim de fornecer orienta\u00e7\u00f5es e recomenda\u00e7\u00f5es para a caracteriza\u00e7\u00e3o desse min\u00e9rio. Em um momento em que a vermiculita come\u00e7a a ganhar mais aten\u00e7\u00e3o por parte dos especialistas, esse estudo fortalece a convic\u00e7\u00e3o a respeito de sua import\u00e2ncia e contribui para a cataloga\u00e7\u00e3o desse mineral no setor miner\u00e1rio industrial do Rio Grande do Norte.<\/p>\n<\/div>\n<\/div><\/div>","protected":false},"excerpt":{"rendered":"<p>O PPgUSRN informa a todos que a Defesa de TCC da discente\u00a0JOANNA PRISCILA DE SOUSA PAIVA\u00a0acontecer\u00e1 no dia 14 de JUNHO de 2023 \u00e0s 08:00H, em que apresentar\u00e1 o trabalho&#8230;<\/p>\n","protected":false},"author":1,"featured_media":0,"comment_status":"open","ping_status":"open","sticky":false,"template":"","format":"standard","meta":{"footnotes":""},"categories":[1],"tags":[],"_links":{"self":[{"href":"https:\/\/ppgusrn.cnat.ifrn.edu.br\/index.php\/wp-json\/wp\/v2\/posts\/4424"}],"collection":[{"href":"https:\/\/ppgusrn.cnat.ifrn.edu.br\/index.php\/wp-json\/wp\/v2\/posts"}],"about":[{"href":"https:\/\/ppgusrn.cnat.ifrn.edu.br\/index.php\/wp-json\/wp\/v2\/types\/post"}],"author":[{"embeddable":true,"href":"https:\/\/ppgusrn.cnat.ifrn.edu.br\/index.php\/wp-json\/wp\/v2\/users\/1"}],"replies":[{"embeddable":true,"href":"https:\/\/ppgusrn.cnat.ifrn.edu.br\/index.php\/wp-json\/wp\/v2\/comments?post=4424"}],"version-history":[{"count":2,"href":"https:\/\/ppgusrn.cnat.ifrn.edu.br\/index.php\/wp-json\/wp\/v2\/posts\/4424\/revisions"}],"predecessor-version":[{"id":4426,"href":"https:\/\/ppgusrn.cnat.ifrn.edu.br\/index.php\/wp-json\/wp\/v2\/posts\/4424\/revisions\/4426"}],"wp:attachment":[{"href":"https:\/\/ppgusrn.cnat.ifrn.edu.br\/index.php\/wp-json\/wp\/v2\/media?parent=4424"}],"wp:term":[{"taxonomy":"category","embeddable":true,"href":"https:\/\/ppgusrn.cnat.ifrn.edu.br\/index.php\/wp-json\/wp\/v2\/categories?post=4424"},{"taxonomy":"post_tag","embeddable":true,"href":"https:\/\/ppgusrn.cnat.ifrn.edu.br\/index.php\/wp-json\/wp\/v2\/tags?post=4424"}],"curies":[{"name":"wp","href":"https:\/\/api.w.org\/{rel}","templated":true}]}}