{"id":4455,"date":"2023-06-26T10:47:57","date_gmt":"2023-06-26T13:47:57","guid":{"rendered":"http:\/\/ppgusrn.cnat.ifrn.edu.br\/?p=4455"},"modified":"2023-06-26T14:15:52","modified_gmt":"2023-06-26T17:15:52","slug":"defesa-de-tcc-da-discente-valeria-valesca-da-silva-brito","status":"publish","type":"post","link":"https:\/\/ppgusrn.cnat.ifrn.edu.br\/index.php\/2023\/06\/26\/defesa-de-tcc-da-discente-valeria-valesca-da-silva-brito\/","title":{"rendered":"Defesa de TCC da Discente Val\u00e9ria Valesca da Silva Brito"},"content":{"rendered":"<div id=\"dslc-theme-content\"><div id=\"dslc-theme-content-inner\"><p><img loading=\"lazy\" decoding=\"async\" class=\"wp-image-3817 size-full aligncenter\" src=\"https:\/\/ppgusrn.cnat.ifrn.edu.br\/wp-content\/uploads\/2022\/07\/logo-png-e1657714945249.png\" alt=\"\" width=\"350\" height=\"104\" srcset=\"https:\/\/ppgusrn.cnat.ifrn.edu.br\/wp-content\/uploads\/2022\/07\/logo-png-e1657714945249.png 350w, https:\/\/ppgusrn.cnat.ifrn.edu.br\/wp-content\/uploads\/2022\/07\/logo-png-e1657714945249-300x89.png 300w\" sizes=\"(max-width: 350px) 100vw, 350px\" \/><\/p>\n<div>O PPgUSRN informa a todos que a Defesa de TCC da discente <b>VAL\u00c9RIA VALESCA DA SILVA BRITO<\/b>\u00a0acontecer\u00e1 no dia 26 de junho de 2023 \u00e0s 16:30, em que apresentar\u00e1 o trabalho intitulado: <b>PERCEP\u00c7\u00c3O SOCIOAMBIENTAL E UTILIZA\u00c7\u00c3O DE GEOTECNOLOGIAS NA AN\u00c1LISE DE IMPACTOS AMBIENTAIS DA EXTRA\u00c7\u00c3O MINERAL DE ARGILA NA BACIA DO RIO PIANCO-PIRANHAS A\u00c7U, TRECHO DO MUNIC\u00cdPIO DE ITAJA-RN.<\/b><\/div>\n<div><\/div>\n<div>\n<p><strong>Banca Examinadora:<\/strong><\/p>\n<ul>\n<li>Presidente da banca\/Orientador(a):\u00a0<strong>Prof. Dr. R\u00f4mulo Magno (IFRN)<\/strong><\/li>\n<li>Co Orientador (a) e Avaliadora Interna 1: <strong>Profa. Dra. Sheyla Varela Lucena (IFRN)<\/strong><\/li>\n<li>Co Orientador (a) e Avaliadora Externa 1: <strong>Profa.\u00a0Dra. Izaclaudia Santana das Neves\u00a0 (IFC)<\/strong><\/li>\n<li>Avaliador(a) Interno(a) 2:\u00a0<strong>Profa.\u00a0Dra. Dayana melo Torres (IFRN)<\/strong><\/li>\n<\/ul>\n<p>RESUMO:\u00a0 A atividade mineradora de extra\u00e7\u00e3o de argila \u00e9 respons\u00e1vel pela gera\u00e7\u00e3o de emprego e renda, contudo tamb\u00e9m potencializa grandes preju\u00edzos ao meio ambiente, principalmente relacionado s\u00e3os grandes impactos ambientais e as altera\u00e7\u00f5es das localidades em decorr\u00eancia da forma de extra\u00e7\u00e3o do produto. A economia do munic\u00edpio de Itaj\u00e1\/ RN \u00e9 fundamentada na ind\u00fastria cer\u00e2mica vermelha, baseada na produ\u00e7\u00e3o de artefatos cer\u00e2micos, como telhas, tijolos e lajotas. Essa atividade tornou-se importante para a popula\u00e7\u00e3o por ser o principal ramo econ\u00f4mico de empregabilidade e gera\u00e7\u00e3o de renda e ainda por ter sua mat\u00e9ria-prima, o min\u00e9rio de argila, em abund\u00e2ncia, com localiza\u00e7\u00e3o que facilita a sua explora\u00e7\u00e3o. As cavas de extra\u00e7\u00e3o do min\u00e9rio de argila ficam localizadas em boa parte da zona rural do munic\u00edpio, bem como nas proximidades do rio Pianc\u00f3-Piranhas-A\u00e7u, o que ocasiona uma s\u00e9rie de danos ambientais. Dessa maneira, esse trabalho tem como objetivo identificar os impactos ambientais da atividade mineradora nas margens do Rio Piranhas A\u00e7u, no trecho pertencente a cidade de Itaj\u00e1-RN, e buscar medidas mitigadoras que visem diminuir os efeitos negativos dessa atividade Dessa maneira, esse trabalho tem como objetivo identificar os impactos ambientais da atividade mineradora nas margens do Rio Piranhas A\u00e7u, no trecho pertencente a cidade de Itaj\u00e1-RN, e buscar medidas mitigadoras que visem diminuir os efeitos negativos dessa atividade. Essa avalia\u00e7\u00e3o se deu por meio de visitas in loco para a elabora\u00e7\u00e3o de matrizes de intera\u00e7\u00e3o, question\u00e1rios para avalia\u00e7\u00e3o socioambiental da popula\u00e7\u00e3o em rela\u00e7\u00e3o aos impactos que a atividade pode causar e ainda\u00a0 utiliza\u00e7\u00e3o do m\u00e9todo de sobreposi\u00e7\u00e3o de mapas para fazer an\u00e1lises multitemporais dos anos 2001, 2013 e 2021 dos impactos ambientais da extra\u00e7\u00e3o de argila.<\/p>\n<\/div>\n<\/div><\/div>","protected":false},"excerpt":{"rendered":"<p>O PPgUSRN informa a todos que a Defesa de TCC da discente VAL\u00c9RIA VALESCA DA SILVA BRITO\u00a0acontecer\u00e1 no dia 26 de junho de 2023 \u00e0s 16:30, em que apresentar\u00e1 o&#8230;<\/p>\n","protected":false},"author":1,"featured_media":0,"comment_status":"open","ping_status":"open","sticky":false,"template":"","format":"standard","meta":{"footnotes":""},"categories":[1],"tags":[],"_links":{"self":[{"href":"https:\/\/ppgusrn.cnat.ifrn.edu.br\/index.php\/wp-json\/wp\/v2\/posts\/4455"}],"collection":[{"href":"https:\/\/ppgusrn.cnat.ifrn.edu.br\/index.php\/wp-json\/wp\/v2\/posts"}],"about":[{"href":"https:\/\/ppgusrn.cnat.ifrn.edu.br\/index.php\/wp-json\/wp\/v2\/types\/post"}],"author":[{"embeddable":true,"href":"https:\/\/ppgusrn.cnat.ifrn.edu.br\/index.php\/wp-json\/wp\/v2\/users\/1"}],"replies":[{"embeddable":true,"href":"https:\/\/ppgusrn.cnat.ifrn.edu.br\/index.php\/wp-json\/wp\/v2\/comments?post=4455"}],"version-history":[{"count":7,"href":"https:\/\/ppgusrn.cnat.ifrn.edu.br\/index.php\/wp-json\/wp\/v2\/posts\/4455\/revisions"}],"predecessor-version":[{"id":4464,"href":"https:\/\/ppgusrn.cnat.ifrn.edu.br\/index.php\/wp-json\/wp\/v2\/posts\/4455\/revisions\/4464"}],"wp:attachment":[{"href":"https:\/\/ppgusrn.cnat.ifrn.edu.br\/index.php\/wp-json\/wp\/v2\/media?parent=4455"}],"wp:term":[{"taxonomy":"category","embeddable":true,"href":"https:\/\/ppgusrn.cnat.ifrn.edu.br\/index.php\/wp-json\/wp\/v2\/categories?post=4455"},{"taxonomy":"post_tag","embeddable":true,"href":"https:\/\/ppgusrn.cnat.ifrn.edu.br\/index.php\/wp-json\/wp\/v2\/tags?post=4455"}],"curies":[{"name":"wp","href":"https:\/\/api.w.org\/{rel}","templated":true}]}}