{"id":4533,"date":"2023-08-30T14:43:06","date_gmt":"2023-08-30T17:43:06","guid":{"rendered":"http:\/\/ppgusrn.cnat.ifrn.edu.br\/?p=4533"},"modified":"2023-08-30T14:43:06","modified_gmt":"2023-08-30T17:43:06","slug":"edital-01-2023-selecao-de-voluntarios","status":"publish","type":"post","link":"https:\/\/ppgusrn.cnat.ifrn.edu.br\/index.php\/2023\/08\/30\/edital-01-2023-selecao-de-voluntarios\/","title":{"rendered":"Edital 01\/2023 &#8211; Sele\u00e7\u00e3o de volunt\u00e1rios"},"content":{"rendered":"<div id=\"dslc-theme-content\"><div id=\"dslc-theme-content-inner\"><p><img loading=\"lazy\" decoding=\"async\" class=\"aligncenter wp-image-3817 size-full\" src=\"https:\/\/ppgusrn.cnat.ifrn.edu.br\/wp-content\/uploads\/2022\/07\/logo-png-e1657714945249.png\" alt=\"\" width=\"350\" height=\"104\" srcset=\"https:\/\/ppgusrn.cnat.ifrn.edu.br\/wp-content\/uploads\/2022\/07\/logo-png-e1657714945249.png 350w, https:\/\/ppgusrn.cnat.ifrn.edu.br\/wp-content\/uploads\/2022\/07\/logo-png-e1657714945249-300x89.png 300w\" sizes=\"(max-width: 350px) 100vw, 350px\" \/><\/p>\n<p>A Coordenadora do Projeto de Extens\u00e3o ReciclAmar do Instituto Federal de Educa\u00e7\u00e3o, Ci\u00eancia e Tecnologia do Rio Grande do Norte, no uso de suas atribui\u00e7\u00f5es legais, em conformidade com a Portaria n\u00ba 457\/2021 &#8211; DG\/CNAT\/RE\/IFRN, de 23\/07\/2021, torna p\u00fablico que realizar\u00e1 entre os dias 30 de agosto a 19 de setembro de 2023, o processo seletivo de volunt\u00e1rios para o Projeto de Extens\u00e3o ReciclAmar e APC Cabo de S\u00e3o: em busca de uma solu\u00e7\u00e3o para a problem\u00e1tica do pl\u00e1stico para a prote\u00e7\u00e3o da Tartarugas Marinhas.<\/p>\n<p><a href=\"https:\/\/ppgusrn.cnat.ifrn.edu.br\/wp-content\/uploads\/2023\/08\/EDITAL-N\u00ba-01_2023.pdf\">Edital 01\/2023 &#8211; Sele\u00e7\u00e3o de volunt\u00e1rios<\/a><\/p>\n<p><a href=\"https:\/\/forms.gle\/XgroqHZ6w6mhL52t5\">Clique aqui para se inscrever!<\/a><\/p>\n<\/div><\/div>","protected":false},"excerpt":{"rendered":"<p>A Coordenadora do Projeto de Extens\u00e3o ReciclAmar do Instituto Federal de Educa\u00e7\u00e3o, Ci\u00eancia e Tecnologia do Rio Grande do Norte, no uso de suas atribui\u00e7\u00f5es legais, em conformidade com a&#8230;<\/p>\n","protected":false},"author":1,"featured_media":0,"comment_status":"open","ping_status":"open","sticky":false,"template":"","format":"standard","meta":{"footnotes":""},"categories":[1],"tags":[],"_links":{"self":[{"href":"https:\/\/ppgusrn.cnat.ifrn.edu.br\/index.php\/wp-json\/wp\/v2\/posts\/4533"}],"collection":[{"href":"https:\/\/ppgusrn.cnat.ifrn.edu.br\/index.php\/wp-json\/wp\/v2\/posts"}],"about":[{"href":"https:\/\/ppgusrn.cnat.ifrn.edu.br\/index.php\/wp-json\/wp\/v2\/types\/post"}],"author":[{"embeddable":true,"href":"https:\/\/ppgusrn.cnat.ifrn.edu.br\/index.php\/wp-json\/wp\/v2\/users\/1"}],"replies":[{"embeddable":true,"href":"https:\/\/ppgusrn.cnat.ifrn.edu.br\/index.php\/wp-json\/wp\/v2\/comments?post=4533"}],"version-history":[{"count":1,"href":"https:\/\/ppgusrn.cnat.ifrn.edu.br\/index.php\/wp-json\/wp\/v2\/posts\/4533\/revisions"}],"predecessor-version":[{"id":4535,"href":"https:\/\/ppgusrn.cnat.ifrn.edu.br\/index.php\/wp-json\/wp\/v2\/posts\/4533\/revisions\/4535"}],"wp:attachment":[{"href":"https:\/\/ppgusrn.cnat.ifrn.edu.br\/index.php\/wp-json\/wp\/v2\/media?parent=4533"}],"wp:term":[{"taxonomy":"category","embeddable":true,"href":"https:\/\/ppgusrn.cnat.ifrn.edu.br\/index.php\/wp-json\/wp\/v2\/categories?post=4533"},{"taxonomy":"post_tag","embeddable":true,"href":"https:\/\/ppgusrn.cnat.ifrn.edu.br\/index.php\/wp-json\/wp\/v2\/tags?post=4533"}],"curies":[{"name":"wp","href":"https:\/\/api.w.org\/{rel}","templated":true}]}}