{"id":4579,"date":"2023-09-20T09:42:24","date_gmt":"2023-09-20T12:42:24","guid":{"rendered":"http:\/\/ppgusrn.cnat.ifrn.edu.br\/?p=4579"},"modified":"2023-09-20T09:42:24","modified_gmt":"2023-09-20T12:42:24","slug":"aula-inaugural-pesquisa-e-inovacao-em-tratamento-de-efluentes-diferencas-entre-brasil-e-portugal","status":"publish","type":"post","link":"https:\/\/ppgusrn.cnat.ifrn.edu.br\/index.php\/2023\/09\/20\/aula-inaugural-pesquisa-e-inovacao-em-tratamento-de-efluentes-diferencas-entre-brasil-e-portugal\/","title":{"rendered":"Aula Inaugural: Pesquisa e Inova\u00e7\u00e3o em Tratamento de Efluentes: Diferen\u00e7as entre Brasil e Portugal"},"content":{"rendered":"<div id=\"dslc-theme-content\"><div id=\"dslc-theme-content-inner\"><p><img loading=\"lazy\" decoding=\"async\" class=\"aligncenter wp-image-4580 size-medium\" src=\"https:\/\/ppgusrn.cnat.ifrn.edu.br\/wp-content\/uploads\/2023\/09\/Feed-PPgUSRN-1080-\u00d7-1080-px-8-300x300.png\" alt=\"\" width=\"300\" height=\"300\" srcset=\"https:\/\/ppgusrn.cnat.ifrn.edu.br\/wp-content\/uploads\/2023\/09\/Feed-PPgUSRN-1080-\u00d7-1080-px-8-300x300.png 300w, https:\/\/ppgusrn.cnat.ifrn.edu.br\/wp-content\/uploads\/2023\/09\/Feed-PPgUSRN-1080-\u00d7-1080-px-8-250x250.png 250w, https:\/\/ppgusrn.cnat.ifrn.edu.br\/wp-content\/uploads\/2023\/09\/Feed-PPgUSRN-1080-\u00d7-1080-px-8-768x768.png 768w, https:\/\/ppgusrn.cnat.ifrn.edu.br\/wp-content\/uploads\/2023\/09\/Feed-PPgUSRN-1080-\u00d7-1080-px-8-1024x1024.png 1024w\" sizes=\"(max-width: 300px) 100vw, 300px\" \/><\/p>\n<p>A Coordena\u00e7\u00e3o do Programa de P\u00f3s-gradua\u00e7\u00e3o em Uso Sustent\u00e1vel de Recursos Naturais \u2013 PPgUSRN, realizou no primeiro dia de aula para turma de ingressantes em 2023.2 a palestra intitulada:\u00a0<strong>Pesquisa e Inova\u00e7\u00e3o em Tratamento de Efluentes: Diferen\u00e7as entre Brasil e Portugal.<\/strong><br \/>\nMinistrada pela<strong>\u00a0Profa. Dra. Isabel Maria Cravo Aguiar Pinto Mina da Universidade do Minho (Portugal).<\/strong><\/p>\n<p>Local: Mini audit\u00f3rio \u2013 DIAREN\/CNAT<br \/>\nData: 14\/09\/2023<br \/>\nHor\u00e1rio: 09:00h<\/p>\n<\/div><\/div>","protected":false},"excerpt":{"rendered":"<p>A Coordena\u00e7\u00e3o do Programa de P\u00f3s-gradua\u00e7\u00e3o em Uso Sustent\u00e1vel de Recursos Naturais \u2013 PPgUSRN, realizou no primeiro dia de aula para turma de ingressantes em 2023.2 a palestra intitulada:\u00a0Pesquisa e&#8230;<\/p>\n","protected":false},"author":1,"featured_media":0,"comment_status":"open","ping_status":"open","sticky":false,"template":"","format":"standard","meta":{"footnotes":""},"categories":[1],"tags":[],"_links":{"self":[{"href":"https:\/\/ppgusrn.cnat.ifrn.edu.br\/index.php\/wp-json\/wp\/v2\/posts\/4579"}],"collection":[{"href":"https:\/\/ppgusrn.cnat.ifrn.edu.br\/index.php\/wp-json\/wp\/v2\/posts"}],"about":[{"href":"https:\/\/ppgusrn.cnat.ifrn.edu.br\/index.php\/wp-json\/wp\/v2\/types\/post"}],"author":[{"embeddable":true,"href":"https:\/\/ppgusrn.cnat.ifrn.edu.br\/index.php\/wp-json\/wp\/v2\/users\/1"}],"replies":[{"embeddable":true,"href":"https:\/\/ppgusrn.cnat.ifrn.edu.br\/index.php\/wp-json\/wp\/v2\/comments?post=4579"}],"version-history":[{"count":1,"href":"https:\/\/ppgusrn.cnat.ifrn.edu.br\/index.php\/wp-json\/wp\/v2\/posts\/4579\/revisions"}],"predecessor-version":[{"id":4581,"href":"https:\/\/ppgusrn.cnat.ifrn.edu.br\/index.php\/wp-json\/wp\/v2\/posts\/4579\/revisions\/4581"}],"wp:attachment":[{"href":"https:\/\/ppgusrn.cnat.ifrn.edu.br\/index.php\/wp-json\/wp\/v2\/media?parent=4579"}],"wp:term":[{"taxonomy":"category","embeddable":true,"href":"https:\/\/ppgusrn.cnat.ifrn.edu.br\/index.php\/wp-json\/wp\/v2\/categories?post=4579"},{"taxonomy":"post_tag","embeddable":true,"href":"https:\/\/ppgusrn.cnat.ifrn.edu.br\/index.php\/wp-json\/wp\/v2\/tags?post=4579"}],"curies":[{"name":"wp","href":"https:\/\/api.w.org\/{rel}","templated":true}]}}