{"id":4592,"date":"2023-09-26T13:02:53","date_gmt":"2023-09-26T16:02:53","guid":{"rendered":"http:\/\/ppgusrn.cnat.ifrn.edu.br\/?p=4592"},"modified":"2023-09-26T13:02:53","modified_gmt":"2023-09-26T16:02:53","slug":"resultado-do-edital-02-2023-aluno-especial","status":"publish","type":"post","link":"https:\/\/ppgusrn.cnat.ifrn.edu.br\/index.php\/2023\/09\/26\/resultado-do-edital-02-2023-aluno-especial\/","title":{"rendered":"Resultado do Edital 02\/2023 &#8211; Aluno Especial"},"content":{"rendered":"<div id=\"dslc-theme-content\"><div id=\"dslc-theme-content-inner\"><p><img loading=\"lazy\" decoding=\"async\" class=\"aligncenter wp-image-3817 size-full\" src=\"https:\/\/ppgusrn.cnat.ifrn.edu.br\/wp-content\/uploads\/2022\/07\/logo-png-e1657714945249.png\" alt=\"\" width=\"350\" height=\"104\" srcset=\"https:\/\/ppgusrn.cnat.ifrn.edu.br\/wp-content\/uploads\/2022\/07\/logo-png-e1657714945249.png 350w, https:\/\/ppgusrn.cnat.ifrn.edu.br\/wp-content\/uploads\/2022\/07\/logo-png-e1657714945249-300x89.png 300w\" sizes=\"(max-width: 350px) 100vw, 350px\" \/><\/p>\n<p>A Coordena\u00e7\u00e3o do Programa de P\u00f3s-gradua\u00e7\u00e3o em Uso Sustent\u00e1vel de Recursos Naturais \u2013 PPgUSRN, torna p\u00fablico o Resultado do Edital 02\/2023, para sele\u00e7\u00e3o de\u00a0 Alunos Especiais.<\/p>\n<p style=\"text-align: center;\"><strong>ALUNOS ESPECIAIS \u2013 MESTRADO PROFISSIONAL \u2013 EDITAL 2023.2<\/strong><\/p>\n<p><b>Abastecimento de \u00c1gua e Esgotos Sanit\u00e1rio:<\/b><\/p>\n<table style=\"height: 237px;\" width=\"450\">\n<tbody>\n<tr>\n<td>Anna Juracy Dantas Ara\u00fajo<\/td>\n<td>INDEFERIDO<\/td>\n<\/tr>\n<tr>\n<td>Janiele Andrade Borges<\/td>\n<td>DEFERIDO<\/td>\n<\/tr>\n<tr>\n<td>J\u00f4vanio Galv\u00e3o de Santana<\/td>\n<td>INDEFERIDO<\/td>\n<\/tr>\n<tr>\n<td>Luciano Henrique Pereira da Silva<\/td>\n<td>DEFERIDO<\/td>\n<\/tr>\n<tr>\n<td>Mirlene Neyce Soares Pereira dos Reis<\/td>\n<td>DEFERIDO<\/td>\n<\/tr>\n<tr>\n<td>Nilton Ribeiro Pereira Bomfim<\/td>\n<td>INDEFERIDO<\/td>\n<\/tr>\n<\/tbody>\n<\/table>\n<p>&nbsp;<\/p>\n<p><b>Gest\u00e3o Urbana Sustent\u00e1vel:<\/b><\/p>\n<table style=\"height: 553px;\" width=\"480\">\n<tbody>\n<tr>\n<td><span style=\"font-weight: 400;\">Ana Maria da Silva<\/span><\/td>\n<td><span style=\"font-weight: 400;\">INDEFERIDO<\/span><\/td>\n<\/tr>\n<tr>\n<td><span style=\"font-weight: 400;\">Anna Juracy Dantas Ara\u00fajo<\/span><\/td>\n<td><span style=\"font-weight: 400;\">DEFERIDO<\/span><\/td>\n<\/tr>\n<tr>\n<td>Diderot Franco Sampaio Junior<\/td>\n<td><span style=\"font-weight: 400;\">INDEFERIDO<\/span><\/td>\n<\/tr>\n<tr>\n<td><span style=\"font-weight: 400;\">Francisco Cosme de Lima<\/span><\/td>\n<td><span style=\"font-weight: 400;\">INDEFERIDO<\/span><\/td>\n<\/tr>\n<tr>\n<td><span style=\"font-weight: 400;\">Francisco Daniel Nunes Ricarte<\/span><\/td>\n<td><span style=\"font-weight: 400;\">INDEFERIDO<\/span><\/td>\n<\/tr>\n<tr>\n<td><span style=\"font-weight: 400;\">H\u00edcaro Caio Aquino de Lima<\/span><\/td>\n<td><span style=\"font-weight: 400;\">DEFERIDO<\/span><\/td>\n<\/tr>\n<tr>\n<td><span style=\"font-weight: 400;\">Juliana Rodrigues de Nascimento<\/span><\/td>\n<td><span style=\"font-weight: 400;\">DEFERIDO<\/span><\/td>\n<\/tr>\n<tr>\n<td><span style=\"font-weight: 400;\">Mirlene Neyce Soares Pereira dos Reis<\/span><\/td>\n<td><span style=\"font-weight: 400;\">INDEFERIDO<\/span><\/td>\n<\/tr>\n<tr>\n<td><span style=\"font-weight: 400;\">Nilton Ribeiro Pereira Bomfim<\/span><\/td>\n<td><span style=\"font-weight: 400;\">INDEFERIDO<\/span><\/td>\n<\/tr>\n<tr>\n<td><span style=\"font-weight: 400;\">Ricardo Coelho da Silva<\/span><\/td>\n<td><span style=\"font-weight: 400;\">INDEFERIDO<\/span><\/td>\n<\/tr>\n<tr>\n<td>Veruska Lilian Fernandes de Medeiros Cerchi<\/td>\n<td><span style=\"font-weight: 400;\">DEFERIDO<\/span><\/td>\n<\/tr>\n<tr>\n<td><span style=\"font-weight: 400;\">Werley Dayan Fernandes de Oliveira<\/span><\/td>\n<td><span style=\"font-weight: 400;\">INDEFERIDO<\/span><\/td>\n<\/tr>\n<\/tbody>\n<\/table>\n<p>&nbsp;<\/p>\n<p><b>Tecnologias, Inova\u00e7\u00f5es e Gest\u00e3o de Recursos Minerais:<\/b><\/p>\n<table style=\"height: 119px;\" width=\"480\">\n<tbody>\n<tr>\n<td>Alenberg Aquino da Silva<\/td>\n<td><span style=\"font-weight: 400;\">DEFERIDO<\/span><\/td>\n<\/tr>\n<tr>\n<td><span style=\"font-weight: 400;\">Ana Maria da Silva<\/span><\/td>\n<td><span style=\"font-weight: 400;\">DEFERIDO<\/span><\/td>\n<\/tr>\n<tr>\n<td>J\u00f4vanio Galv\u00e3o de Santana<\/td>\n<td><span style=\"font-weight: 400;\">DEFERIDO<\/span><\/td>\n<\/tr>\n<\/tbody>\n<\/table>\n<p>&nbsp;<\/p>\n<p><b>T\u00f3picos Especiais em Processos Naturais e sua Interfer\u00eancia no Habitat Humano:<\/b><\/p>\n<table style=\"height: 230px;\" width=\"480\">\n<tbody>\n<tr>\n<td><span style=\"font-weight: 400;\">Alenberg Aquino da Silva<\/span><\/td>\n<td><span style=\"font-weight: 400;\">DEFERIDO<\/span><\/td>\n<\/tr>\n<tr>\n<td><span style=\"font-weight: 400;\">Diderot Franco Sampaio Junior<\/span><\/td>\n<td><span style=\"font-weight: 400;\">DEFERIDO<\/span><\/td>\n<\/tr>\n<tr>\n<td><span style=\"font-weight: 400;\">H\u00edcaro Caio Aquino de Lima<\/span><\/td>\n<td><span style=\"font-weight: 400;\">DEFERIDO<\/span><\/td>\n<\/tr>\n<tr>\n<td><span style=\"font-weight: 400;\">Juliana Rodrigues de Nascimento<\/span><\/td>\n<td><span style=\"font-weight: 400;\">DEFERIDO<\/span><\/td>\n<\/tr>\n<tr>\n<td>Luciano Henrique Pereira da Silva<\/td>\n<td><span style=\"font-weight: 400;\">DEFERIDO<\/span><\/td>\n<\/tr>\n<\/tbody>\n<\/table>\n<p>&nbsp;<\/p>\n<p><b>T\u00f3picos Especiais em Qu\u00edmica Geral e Anal\u00edtica Aplicada a Pesquisas Ambientais :<\/b><\/p>\n<table style=\"height: 121px;\" width=\"480\">\n<tbody>\n<tr>\n<td><span style=\"font-weight: 400;\">Juliana Rodrigues de Nascimento<\/span><\/td>\n<td><span style=\"font-weight: 400;\">DEFERIDO<\/span><\/td>\n<\/tr>\n<tr>\n<td><span style=\"font-weight: 400;\">Max Silva de Melo<\/span><\/td>\n<td><span style=\"font-weight: 400;\">DEFERIDO<\/span><\/td>\n<\/tr>\n<tr>\n<td>Ricardo Coelho da Silva<\/td>\n<td><span style=\"font-weight: 400;\">DEFERIDO<\/span><\/td>\n<\/tr>\n<\/tbody>\n<\/table>\n<p>&nbsp;<\/p>\n<p>Ao Aluno Especial em caso de aprova\u00e7\u00e3o em processo seletivo futuro para o Programa de P\u00f3s-Gradua\u00e7\u00e3o em Uso Sustent\u00e1vel de Recursos Naturais. O Programa se reserva o direito de n\u00e3o preencher todas as vagas oferecidas neste processo seletivo.<\/p>\n<p>In\u00edcio das aulas: 28\/09\/2023<\/p>\n<p><a href=\"https:\/\/ppgusrn.cnat.ifrn.edu.br\/wp-content\/uploads\/2023\/08\/HOR\u00c1RIO-PPGUSRN-2023.22-1.pdf\">Hor\u00e1rios das disciplinas!<\/a><\/p>\n<\/div><\/div>","protected":false},"excerpt":{"rendered":"<p>A Coordena\u00e7\u00e3o do Programa de P\u00f3s-gradua\u00e7\u00e3o em Uso Sustent\u00e1vel de Recursos Naturais \u2013 PPgUSRN, torna p\u00fablico o Resultado do Edital 02\/2023, para sele\u00e7\u00e3o de\u00a0 Alunos Especiais. ALUNOS ESPECIAIS \u2013 MESTRADO&#8230;<\/p>\n","protected":false},"author":1,"featured_media":0,"comment_status":"open","ping_status":"open","sticky":false,"template":"","format":"standard","meta":{"footnotes":""},"categories":[1],"tags":[],"_links":{"self":[{"href":"https:\/\/ppgusrn.cnat.ifrn.edu.br\/index.php\/wp-json\/wp\/v2\/posts\/4592"}],"collection":[{"href":"https:\/\/ppgusrn.cnat.ifrn.edu.br\/index.php\/wp-json\/wp\/v2\/posts"}],"about":[{"href":"https:\/\/ppgusrn.cnat.ifrn.edu.br\/index.php\/wp-json\/wp\/v2\/types\/post"}],"author":[{"embeddable":true,"href":"https:\/\/ppgusrn.cnat.ifrn.edu.br\/index.php\/wp-json\/wp\/v2\/users\/1"}],"replies":[{"embeddable":true,"href":"https:\/\/ppgusrn.cnat.ifrn.edu.br\/index.php\/wp-json\/wp\/v2\/comments?post=4592"}],"version-history":[{"count":3,"href":"https:\/\/ppgusrn.cnat.ifrn.edu.br\/index.php\/wp-json\/wp\/v2\/posts\/4592\/revisions"}],"predecessor-version":[{"id":4596,"href":"https:\/\/ppgusrn.cnat.ifrn.edu.br\/index.php\/wp-json\/wp\/v2\/posts\/4592\/revisions\/4596"}],"wp:attachment":[{"href":"https:\/\/ppgusrn.cnat.ifrn.edu.br\/index.php\/wp-json\/wp\/v2\/media?parent=4592"}],"wp:term":[{"taxonomy":"category","embeddable":true,"href":"https:\/\/ppgusrn.cnat.ifrn.edu.br\/index.php\/wp-json\/wp\/v2\/categories?post=4592"},{"taxonomy":"post_tag","embeddable":true,"href":"https:\/\/ppgusrn.cnat.ifrn.edu.br\/index.php\/wp-json\/wp\/v2\/tags?post=4592"}],"curies":[{"name":"wp","href":"https:\/\/api.w.org\/{rel}","templated":true}]}}