{"id":4891,"date":"2024-05-24T13:39:45","date_gmt":"2024-05-24T16:39:45","guid":{"rendered":"https:\/\/ppgusrn.cnat.ifrn.edu.br\/?p=4891"},"modified":"2024-05-24T13:39:45","modified_gmt":"2024-05-24T16:39:45","slug":"gestao-de-desastres-naturais-desafios-e-acoes","status":"publish","type":"post","link":"https:\/\/ppgusrn.cnat.ifrn.edu.br\/index.php\/2024\/05\/24\/gestao-de-desastres-naturais-desafios-e-acoes\/","title":{"rendered":"Gest\u00e3o de Desastres Naturais: Desafios e A\u00e7\u00f5es"},"content":{"rendered":"<div id=\"dslc-theme-content\"><div id=\"dslc-theme-content-inner\"><div class=\"wp-block-image\">\n<figure class=\"aligncenter size-large is-resized\"><img loading=\"lazy\" decoding=\"async\" width=\"1024\" height=\"1024\" src=\"https:\/\/ppgusrn.cnat.ifrn.edu.br\/wp-content\/uploads\/2024\/05\/Copia-de-Instagram-post-dia-mundial-do-meio-ambiente-05-de-junho-verde-1024x1024.png\" alt=\"\" class=\"wp-image-4892\" style=\"width:338px;height:auto\" srcset=\"https:\/\/ppgusrn.cnat.ifrn.edu.br\/wp-content\/uploads\/2024\/05\/Copia-de-Instagram-post-dia-mundial-do-meio-ambiente-05-de-junho-verde-1024x1024.png 1024w, https:\/\/ppgusrn.cnat.ifrn.edu.br\/wp-content\/uploads\/2024\/05\/Copia-de-Instagram-post-dia-mundial-do-meio-ambiente-05-de-junho-verde-300x300.png 300w, https:\/\/ppgusrn.cnat.ifrn.edu.br\/wp-content\/uploads\/2024\/05\/Copia-de-Instagram-post-dia-mundial-do-meio-ambiente-05-de-junho-verde-250x250.png 250w, https:\/\/ppgusrn.cnat.ifrn.edu.br\/wp-content\/uploads\/2024\/05\/Copia-de-Instagram-post-dia-mundial-do-meio-ambiente-05-de-junho-verde-768x768.png 768w, https:\/\/ppgusrn.cnat.ifrn.edu.br\/wp-content\/uploads\/2024\/05\/Copia-de-Instagram-post-dia-mundial-do-meio-ambiente-05-de-junho-verde-1536x1536.png 1536w, https:\/\/ppgusrn.cnat.ifrn.edu.br\/wp-content\/uploads\/2024\/05\/Copia-de-Instagram-post-dia-mundial-do-meio-ambiente-05-de-junho-verde-2048x2048.png 2048w\" sizes=\"(max-width: 1024px) 100vw, 1024px\" \/><\/figure><\/div>\n\n\n<p>Devido aos desastres naturais que v\u00eam ocorrendo no Brasil, os discentes do Programa de P\u00f3s-Gradua\u00e7\u00e3o em Uso Sustent\u00e1vel de Recursos Naturais promovem o evento &#8220;Gest\u00e3o de Desastres Naturais: Desafios e A\u00e7\u00f5es&#8221;. Este evento \u00e9 destinado a profissionais da \u00e1rea de ci\u00eancias ambientais, estudantes e todos os interessados no tema, com o objetivo de esclarecer sobre os desastres naturais, suas periculosidades, causas e formas de mitiga\u00e7\u00e3o, justi\u00e7a ambiental, pol\u00edticas p\u00fablicas e como o setor econ\u00f4mico \u00e9 afetado pelos desastres, trazendo uma perspectiva dos pilares da sustentabilidade pelos agentes atuantes nos \u00f3rg\u00e3os de diferentes esferas.<\/p>\n\n\n\n<p>O evento ser\u00e1 online e gratuito, e ocorrer\u00e1 no dia 7 de junho, com in\u00edcio \u00e0s 14h. Venha participar deste evento!<br>Link para inscri\u00e7\u00e3o:<br><a href=\"https:\/\/suap.ifrn.edu.br\/eventos\/inscricao\/5893\/\" target=\"_blank\" rel=\"noreferrer noopener\">https:\/\/suap.ifrn.edu.br\/eventos\/inscricao\/5893\/ <\/a><\/p>\n<\/div><\/div>","protected":false},"excerpt":{"rendered":"<p>Devido aos desastres naturais que v\u00eam ocorrendo no Brasil, os discentes do Programa de P\u00f3s-Gradua\u00e7\u00e3o em Uso Sustent\u00e1vel de Recursos Naturais promovem o evento &#8220;Gest\u00e3o de Desastres Naturais: Desafios e&#8230;<\/p>\n","protected":false},"author":1,"featured_media":0,"comment_status":"open","ping_status":"open","sticky":false,"template":"","format":"standard","meta":{"footnotes":""},"categories":[1],"tags":[],"_links":{"self":[{"href":"https:\/\/ppgusrn.cnat.ifrn.edu.br\/index.php\/wp-json\/wp\/v2\/posts\/4891"}],"collection":[{"href":"https:\/\/ppgusrn.cnat.ifrn.edu.br\/index.php\/wp-json\/wp\/v2\/posts"}],"about":[{"href":"https:\/\/ppgusrn.cnat.ifrn.edu.br\/index.php\/wp-json\/wp\/v2\/types\/post"}],"author":[{"embeddable":true,"href":"https:\/\/ppgusrn.cnat.ifrn.edu.br\/index.php\/wp-json\/wp\/v2\/users\/1"}],"replies":[{"embeddable":true,"href":"https:\/\/ppgusrn.cnat.ifrn.edu.br\/index.php\/wp-json\/wp\/v2\/comments?post=4891"}],"version-history":[{"count":1,"href":"https:\/\/ppgusrn.cnat.ifrn.edu.br\/index.php\/wp-json\/wp\/v2\/posts\/4891\/revisions"}],"predecessor-version":[{"id":4893,"href":"https:\/\/ppgusrn.cnat.ifrn.edu.br\/index.php\/wp-json\/wp\/v2\/posts\/4891\/revisions\/4893"}],"wp:attachment":[{"href":"https:\/\/ppgusrn.cnat.ifrn.edu.br\/index.php\/wp-json\/wp\/v2\/media?parent=4891"}],"wp:term":[{"taxonomy":"category","embeddable":true,"href":"https:\/\/ppgusrn.cnat.ifrn.edu.br\/index.php\/wp-json\/wp\/v2\/categories?post=4891"},{"taxonomy":"post_tag","embeddable":true,"href":"https:\/\/ppgusrn.cnat.ifrn.edu.br\/index.php\/wp-json\/wp\/v2\/tags?post=4891"}],"curies":[{"name":"wp","href":"https:\/\/api.w.org\/{rel}","templated":true}]}}