{"id":4972,"date":"2024-09-25T10:32:48","date_gmt":"2024-09-25T13:32:48","guid":{"rendered":"https:\/\/ppgusrn.cnat.ifrn.edu.br\/?p=4972"},"modified":"2024-09-25T10:32:48","modified_gmt":"2024-09-25T13:32:48","slug":"defesa-de-qualificacao-da-discente-jamila-lorena-de-freitas-pereira-brasil","status":"publish","type":"post","link":"https:\/\/ppgusrn.cnat.ifrn.edu.br\/index.php\/2024\/09\/25\/defesa-de-qualificacao-da-discente-jamila-lorena-de-freitas-pereira-brasil\/","title":{"rendered":"Defesa de Qualifica\u00e7\u00e3o da Discente Jamila Lorena de Freitas Pereira Brasil"},"content":{"rendered":"<div id=\"dslc-theme-content\"><div id=\"dslc-theme-content-inner\">\n<p>O PPgUSRN informa a todos que a Defesa de Qualifica\u00e7\u00e3o da discente Jamila Lorena de Freitas pereira Brasil acontecer\u00e1 no dia 26 de SETEMBRO de 2024 \u00e0s 10:00H, em que apresentar\u00e1 o trabalho intitulado: <strong>AN\u00c1LISE DA PERCEP\u00c7\u00c3O DE ATORES SOCIAIS, COMO FERRAMENTA DE PLANEJAMENTO PARTICIPATIVO PARA GEST\u00c3O SUSTENT\u00c1VEL DA ORLA DA ZPA-07 DO MUNIC\u00cdPIO DE NATAL\/RN<\/strong>.<\/p>\n\n\n\n<p><strong>Banca Examinadora:<\/strong><\/p>\n\n\n\n<ul>\n<li>Presidente da banca\/Orientador(a): <strong>Prof. Dr. Neilton Fidelis da Silva (IFRN)<\/strong> <\/li>\n\n\n\n<li>Coorientador(a): <strong>Profa. Dra. Sylvia Meimaridou Rola<\/strong>\u00a0 <strong>(UFRJ)<\/strong><\/li>\n\n\n\n<li>Avaliador(a) Interno(a) 1: <strong>Profa. Dra. Sheyla Varela Lucena  (IFRN)<\/strong><\/li>\n\n\n\n<li>Avaliador(a) Externo(a) 1: <strong>Prof. Dr. Eduardo Janser de Azevedo Dantas (IFRN)<\/strong><\/li>\n<\/ul>\n\n\n\n<p>RESUMO: <\/p>\n\n\n\n<p>As zonas costeiras t\u00eam sido alvo de intensa ocupa\u00e7\u00e3o humana e atividades econ\u00f4micas, especialmente no Brasil, onde a maioria das grandes cidades est\u00e1 localizada pr\u00f3ximo ao litoral, o que resulta em uma grande press\u00e3o sobre essas \u00e1reas, principalmente por parte das atividades econ\u00f4micas. No entanto, as \u00e1reas costeiras abrigam ecossistemas naturais complexos e vulner\u00e1veis. A&nbsp;orla da Zona de Prote\u00e7\u00e3o Ambiental 07 (ZPA 07) do munic\u00edpio de Natal, apresenta&nbsp; importantes patrim\u00f4nios naturais, paisag\u00edsticos e hist\u00f3rico-cultural, como o Forte dos Reis Magos, o que favorece atividades econ\u00f4micas e tur\u00edsticas e consequente necessidade da concilia\u00e7\u00e3o destas atividades com a&nbsp; com a preserva\u00e7\u00e3o ambiental.&nbsp;Com base nesse contexto, embora&nbsp;haja diversos problemas relacionados ao uso e ocupa\u00e7\u00e3o nessas regi\u00f5es, este projeto de pesquisa concentrar\u00e1 sua an\u00e1lise na quest\u00e3o do uso e ocupa\u00e7\u00e3o pela atividade comercial na orla da Zona de Prote\u00e7\u00e3o Ambiental 07 (ZPA 07) de Natal, visando contribuir&nbsp;para o planejamento participativo e a gest\u00e3o sustent\u00e1vel desta&nbsp;orla.&nbsp;A pesquisa focar\u00e1 no uso e ocupa\u00e7\u00e3o da \u00e1rea da orla, com \u00eanfase nas atividades comerciais. Ser\u00e3o utilizados m\u00e9todos participativos e multidisciplinares para envolver os comerciantes locais, principais atores sociais da regi\u00e3o nesse contexto, a fim de compreender suas percep\u00e7\u00f5es, anseios e desafios relacionados \u00e0 gest\u00e3o e uso do espa\u00e7o. O relat\u00f3rio t\u00e9cnico resultante deste estudo incluir\u00e1 cen\u00e1rios derivados do mapeamento dos desejos dos referidos atores sociais , al\u00e9m de uma an\u00e1lise dos aspectos t\u00e9cnicos e jur\u00eddicos da \u00e1rea, realizada por meio de consultas a \u00f3rg\u00e3os p\u00fablicos respons\u00e1veis pela gest\u00e3o da orla. O objetivo \u00e9 fornecer subs\u00eddios \u00e0 gest\u00e3o p\u00fablica, promovendo uma ordena\u00e7\u00e3o e planejamento urbano e ambiental mais eficientes para a ZPA 07, com foco em uma gest\u00e3o sustent\u00e1vel e inclusiva.<\/p>\n\n\n\n<p><strong>Palavras-chave:<\/strong>&nbsp;zona costeira, gest\u00e3o participativa da orla,&nbsp;sustentabilidade.<\/p>\n<\/div><\/div>","protected":false},"excerpt":{"rendered":"<p>O PPgUSRN informa a todos que a Defesa de Qualifica\u00e7\u00e3o da discente Jamila Lorena de Freitas pereira Brasil acontecer\u00e1 no dia 26 de SETEMBRO de 2024 \u00e0s 10:00H, em que&#8230;<\/p>\n","protected":false},"author":1,"featured_media":0,"comment_status":"open","ping_status":"open","sticky":false,"template":"","format":"standard","meta":{"footnotes":""},"categories":[1],"tags":[],"_links":{"self":[{"href":"https:\/\/ppgusrn.cnat.ifrn.edu.br\/index.php\/wp-json\/wp\/v2\/posts\/4972"}],"collection":[{"href":"https:\/\/ppgusrn.cnat.ifrn.edu.br\/index.php\/wp-json\/wp\/v2\/posts"}],"about":[{"href":"https:\/\/ppgusrn.cnat.ifrn.edu.br\/index.php\/wp-json\/wp\/v2\/types\/post"}],"author":[{"embeddable":true,"href":"https:\/\/ppgusrn.cnat.ifrn.edu.br\/index.php\/wp-json\/wp\/v2\/users\/1"}],"replies":[{"embeddable":true,"href":"https:\/\/ppgusrn.cnat.ifrn.edu.br\/index.php\/wp-json\/wp\/v2\/comments?post=4972"}],"version-history":[{"count":2,"href":"https:\/\/ppgusrn.cnat.ifrn.edu.br\/index.php\/wp-json\/wp\/v2\/posts\/4972\/revisions"}],"predecessor-version":[{"id":4975,"href":"https:\/\/ppgusrn.cnat.ifrn.edu.br\/index.php\/wp-json\/wp\/v2\/posts\/4972\/revisions\/4975"}],"wp:attachment":[{"href":"https:\/\/ppgusrn.cnat.ifrn.edu.br\/index.php\/wp-json\/wp\/v2\/media?parent=4972"}],"wp:term":[{"taxonomy":"category","embeddable":true,"href":"https:\/\/ppgusrn.cnat.ifrn.edu.br\/index.php\/wp-json\/wp\/v2\/categories?post=4972"},{"taxonomy":"post_tag","embeddable":true,"href":"https:\/\/ppgusrn.cnat.ifrn.edu.br\/index.php\/wp-json\/wp\/v2\/tags?post=4972"}],"curies":[{"name":"wp","href":"https:\/\/api.w.org\/{rel}","templated":true}]}}