{"id":4980,"date":"2024-09-26T10:56:23","date_gmt":"2024-09-26T13:56:23","guid":{"rendered":"https:\/\/ppgusrn.cnat.ifrn.edu.br\/?p=4980"},"modified":"2024-09-26T10:56:49","modified_gmt":"2024-09-26T13:56:49","slug":"defesa-de-qualificacao-da-discente-andressa-giovanna-fernandes-de-amorim-queiroz","status":"publish","type":"post","link":"https:\/\/ppgusrn.cnat.ifrn.edu.br\/index.php\/2024\/09\/26\/defesa-de-qualificacao-da-discente-andressa-giovanna-fernandes-de-amorim-queiroz\/","title":{"rendered":"Defesa de Qualifica\u00e7\u00e3o da Discente Andressa Giovanna Fernandes de Amorim Queiroz"},"content":{"rendered":"<div id=\"dslc-theme-content\"><div id=\"dslc-theme-content-inner\">\n<p>O PPgUSRN informa a todos que a Defesa de Qualifica\u00e7\u00e3o da discente Andressa Giovanna Fernandes de Amorim Queiroz acontecer\u00e1 no dia 01 de OUTUBRO de 2024 \u00e0s 10:00H, em que apresentar\u00e1 o trabalho intitulado: <strong>DESAFIOS E FRAGILIDADES NOS MUNIC\u00cdPIOS DO RN: A A\u00c7\u00c3O DA GEST\u00c3O P\u00daBLICA FRENTE AOS DESASTRES NATURAIS.<\/strong><\/p>\n\n\n\n<p><strong>Banca Examinadora:<\/strong><\/p>\n\n\n\n<ul>\n<li>Presidente da banca\/Orientador(a): <strong>Prof. Dr. Mario Tavares (IFRN)<\/strong> <\/li>\n\n\n\n<li>Avaliador(a) Interno(a) 1: <strong>Prof. Dr. Leandro Silva Costa  (IFRN)<\/strong><\/li>\n\n\n\n<li>Avaliador(a) Interno(a) 2: <strong>Profa. Dra. Luciana de Castro Medeiros (IFRN)<\/strong><\/li>\n\n\n\n<li>Avaliador(a) Externo(a) 1: <strong>Prof. Dr. Le\u00e3o Xavier da Costa Neto (IFRN)<\/strong><\/li>\n<\/ul>\n\n\n\n<p>RESUMO: A gest\u00e3o eficaz da preven\u00e7\u00e3o de desastres \u00e9 um tema importante para o desenvolvimento sustent\u00e1vel. A abordagem ativa e preventiva dos gestores p\u00fablicos \u00e9 fundamental para minimizar danos, proteger vidas e patrim\u00f4nios, al\u00e9m disso, investir em medidas de preven\u00e7\u00e3o \u00e9 mais econ\u00f4mico do que reconstruir ap\u00f3s um desastre, conforme a ONU (2021). A gest\u00e3o p\u00fablica desempenha um papel crucial na redu\u00e7\u00e3o da vulnerabilidade e na promo\u00e7\u00e3o de um planejamento urbano sustent\u00e1vel para lidar com desastres naturais. Institui\u00e7\u00f5es como a Defesa Civil e outros \u00f3rg\u00e3os p\u00fablicos s\u00e3o fundamentais para monitorar fen\u00f4menos naturais e emitir alertas preventivos. Esta pesquisa \u00e9 caracterizada como aplicada, com o objetivo de adquirir conhecimentos para solucionar problemas espec\u00edficos e aplic\u00e1-los na pr\u00e1tica. O estudo envolve a cria\u00e7\u00e3o de um e-book educacional voltado para auxiliar gestores p\u00fablicos na preven\u00e7\u00e3o de desastres naturais e na redu\u00e7\u00e3o de impactos econ\u00f4micos. A abordagem metodol\u00f3gica \u00e9 qualitativo-quantitativa, com an\u00e1lises de conte\u00fado sobre gest\u00e3o p\u00fablica e desastres naturais, al\u00e9m do uso de mapas e dados fornecidos por \u00f3rg\u00e3os p\u00fablicos relacionados \u00e0 preven\u00e7\u00e3o de desastres. Essa abordagem visa oferecer uma vis\u00e3o completa e embasada sobre a tem\u00e1tica, contribuindo para a tomada de decis\u00f5es eficazes e a implementa\u00e7\u00e3o de medidas preventivas.<\/p>\n<\/div><\/div>","protected":false},"excerpt":{"rendered":"<p>O PPgUSRN informa a todos que a Defesa de Qualifica\u00e7\u00e3o da discente Andressa Giovanna Fernandes de Amorim Queiroz acontecer\u00e1 no dia 01 de OUTUBRO de 2024 \u00e0s 10:00H, em que&#8230;<\/p>\n","protected":false},"author":1,"featured_media":0,"comment_status":"open","ping_status":"open","sticky":false,"template":"","format":"standard","meta":{"footnotes":""},"categories":[1],"tags":[],"_links":{"self":[{"href":"https:\/\/ppgusrn.cnat.ifrn.edu.br\/index.php\/wp-json\/wp\/v2\/posts\/4980"}],"collection":[{"href":"https:\/\/ppgusrn.cnat.ifrn.edu.br\/index.php\/wp-json\/wp\/v2\/posts"}],"about":[{"href":"https:\/\/ppgusrn.cnat.ifrn.edu.br\/index.php\/wp-json\/wp\/v2\/types\/post"}],"author":[{"embeddable":true,"href":"https:\/\/ppgusrn.cnat.ifrn.edu.br\/index.php\/wp-json\/wp\/v2\/users\/1"}],"replies":[{"embeddable":true,"href":"https:\/\/ppgusrn.cnat.ifrn.edu.br\/index.php\/wp-json\/wp\/v2\/comments?post=4980"}],"version-history":[{"count":4,"href":"https:\/\/ppgusrn.cnat.ifrn.edu.br\/index.php\/wp-json\/wp\/v2\/posts\/4980\/revisions"}],"predecessor-version":[{"id":4992,"href":"https:\/\/ppgusrn.cnat.ifrn.edu.br\/index.php\/wp-json\/wp\/v2\/posts\/4980\/revisions\/4992"}],"wp:attachment":[{"href":"https:\/\/ppgusrn.cnat.ifrn.edu.br\/index.php\/wp-json\/wp\/v2\/media?parent=4980"}],"wp:term":[{"taxonomy":"category","embeddable":true,"href":"https:\/\/ppgusrn.cnat.ifrn.edu.br\/index.php\/wp-json\/wp\/v2\/categories?post=4980"},{"taxonomy":"post_tag","embeddable":true,"href":"https:\/\/ppgusrn.cnat.ifrn.edu.br\/index.php\/wp-json\/wp\/v2\/tags?post=4980"}],"curies":[{"name":"wp","href":"https:\/\/api.w.org\/{rel}","templated":true}]}}