{"id":5069,"date":"2024-11-04T14:41:32","date_gmt":"2024-11-04T17:41:32","guid":{"rendered":"https:\/\/ppgusrn.cnat.ifrn.edu.br\/?p=5069"},"modified":"2024-11-04T14:41:32","modified_gmt":"2024-11-04T17:41:32","slug":"onda-limpa-acao-de-limpeza-e-conscientizacao-na-praia-de-buzios","status":"publish","type":"post","link":"https:\/\/ppgusrn.cnat.ifrn.edu.br\/index.php\/2024\/11\/04\/onda-limpa-acao-de-limpeza-e-conscientizacao-na-praia-de-buzios\/","title":{"rendered":"Onda Limpa: A\u00e7\u00e3o de Limpeza e Conscientiza\u00e7\u00e3o na Praia de B\u00fazios"},"content":{"rendered":"<div id=\"dslc-theme-content\"><div id=\"dslc-theme-content-inner\">\n<p>No \u00faltimo s\u00e1bado, o projeto Onda Limpa, coordenado pela professora Sheyla Lucena, promoveu uma significativa a\u00e7\u00e3o de limpeza na Praia de B\u00fazios, localizada no Rio Grande do Norte. O evento mobilizou uma ampla participa\u00e7\u00e3o de volunt\u00e1rios, incluindo estudantes e membros da comunidade local, com o objetivo de remover res\u00edduos que comprometem a integridade do ecossistema marinho.<\/p>\n\n\n\n<p>Durante a atividade, foram coletados diversos tipos de lixo, como pl\u00e1sticos, garrafas e restos de embalagens. Essa a\u00e7\u00e3o n\u00e3o apenas contribuiu para a despolui\u00e7\u00e3o da praia, mas tamb\u00e9m ressaltou a urg\u00eancia de pr\u00e1ticas de descarte adequado de res\u00edduos, fundamentais para a prote\u00e7\u00e3o do meio ambiente.<\/p>\n\n\n\n<p>Al\u00e9m da limpeza, o projeto Onda Limpa tamb\u00e9m se dedicou \u00e0 conscientiza\u00e7\u00e3o ambiental, enfatizando a import\u00e2ncia da educa\u00e7\u00e3o como ferramenta essencial para a preserva\u00e7\u00e3o das \u00e1reas costeiras. A professora Sheyla Lucena destacou que iniciativas cont\u00ednuas s\u00e3o necess\u00e1rias para fortalecer a responsabilidade coletiva em rela\u00e7\u00e3o ao meio ambiente.<\/p>\n\n\n\n<p>O Onda Limpa n\u00e3o apenas promove a recupera\u00e7\u00e3o das praias, mas tamb\u00e9m inspira uma mobiliza\u00e7\u00e3o comunit\u00e1ria em prol da sustentabilidade. A participa\u00e7\u00e3o ativa da popula\u00e7\u00e3o \u00e9 vital para garantir a prote\u00e7\u00e3o dos ecossistemas locais e a promo\u00e7\u00e3o de um futuro mais sustent\u00e1vel.<\/p>\n\n\n\n<figure class=\"wp-block-gallery has-nested-images columns-default is-cropped wp-block-gallery-1 is-layout-flex wp-block-gallery-is-layout-flex\">\n<figure class=\"wp-block-image size-large\"><img loading=\"lazy\" decoding=\"async\" width=\"911\" height=\"339\" data-id=\"5071\" src=\"https:\/\/ppgusrn.cnat.ifrn.edu.br\/wp-content\/uploads\/2024\/11\/Onda-Limpa.png\" alt=\"\" class=\"wp-image-5071\" srcset=\"https:\/\/ppgusrn.cnat.ifrn.edu.br\/wp-content\/uploads\/2024\/11\/Onda-Limpa.png 911w, https:\/\/ppgusrn.cnat.ifrn.edu.br\/wp-content\/uploads\/2024\/11\/Onda-Limpa-300x112.png 300w, https:\/\/ppgusrn.cnat.ifrn.edu.br\/wp-content\/uploads\/2024\/11\/Onda-Limpa-768x286.png 768w\" sizes=\"(max-width: 911px) 100vw, 911px\" \/><\/figure>\n<\/figure>\n<\/div><\/div>","protected":false},"excerpt":{"rendered":"<p>No \u00faltimo s\u00e1bado, o projeto Onda Limpa, coordenado pela professora Sheyla Lucena, promoveu uma significativa a\u00e7\u00e3o de limpeza na Praia de B\u00fazios, localizada no Rio Grande do Norte. O evento&#8230;<\/p>\n","protected":false},"author":1,"featured_media":0,"comment_status":"open","ping_status":"open","sticky":false,"template":"","format":"standard","meta":{"footnotes":""},"categories":[1],"tags":[],"_links":{"self":[{"href":"https:\/\/ppgusrn.cnat.ifrn.edu.br\/index.php\/wp-json\/wp\/v2\/posts\/5069"}],"collection":[{"href":"https:\/\/ppgusrn.cnat.ifrn.edu.br\/index.php\/wp-json\/wp\/v2\/posts"}],"about":[{"href":"https:\/\/ppgusrn.cnat.ifrn.edu.br\/index.php\/wp-json\/wp\/v2\/types\/post"}],"author":[{"embeddable":true,"href":"https:\/\/ppgusrn.cnat.ifrn.edu.br\/index.php\/wp-json\/wp\/v2\/users\/1"}],"replies":[{"embeddable":true,"href":"https:\/\/ppgusrn.cnat.ifrn.edu.br\/index.php\/wp-json\/wp\/v2\/comments?post=5069"}],"version-history":[{"count":3,"href":"https:\/\/ppgusrn.cnat.ifrn.edu.br\/index.php\/wp-json\/wp\/v2\/posts\/5069\/revisions"}],"predecessor-version":[{"id":5075,"href":"https:\/\/ppgusrn.cnat.ifrn.edu.br\/index.php\/wp-json\/wp\/v2\/posts\/5069\/revisions\/5075"}],"wp:attachment":[{"href":"https:\/\/ppgusrn.cnat.ifrn.edu.br\/index.php\/wp-json\/wp\/v2\/media?parent=5069"}],"wp:term":[{"taxonomy":"category","embeddable":true,"href":"https:\/\/ppgusrn.cnat.ifrn.edu.br\/index.php\/wp-json\/wp\/v2\/categories?post=5069"},{"taxonomy":"post_tag","embeddable":true,"href":"https:\/\/ppgusrn.cnat.ifrn.edu.br\/index.php\/wp-json\/wp\/v2\/tags?post=5069"}],"curies":[{"name":"wp","href":"https:\/\/api.w.org\/{rel}","templated":true}]}}