{"id":5117,"date":"2024-12-03T09:19:22","date_gmt":"2024-12-03T12:19:22","guid":{"rendered":"https:\/\/ppgusrn.cnat.ifrn.edu.br\/?p=5117"},"modified":"2024-12-03T09:19:22","modified_gmt":"2024-12-03T12:19:22","slug":"docentes-do-ppgusrn-sao-homenageadas-na-camara-municipal-de-natal-rn","status":"publish","type":"post","link":"https:\/\/ppgusrn.cnat.ifrn.edu.br\/index.php\/2024\/12\/03\/docentes-do-ppgusrn-sao-homenageadas-na-camara-municipal-de-natal-rn\/","title":{"rendered":"Docentes do PPgUSRN s\u00e3o Homenageadas na C\u00e2mara Municipal de Natal\/RN"},"content":{"rendered":"<div id=\"dslc-theme-content\"><div id=\"dslc-theme-content-inner\">\n<p>Na segunda-feira (02\/12) foi realizada uma Sess\u00e3o Solene na C\u00e2mara Municipal de Natal para homenagear 21 Educadores Clim\u00e1ticos que t\u00eam se destacado na conscientiza\u00e7\u00e3o e enfrentamento dos desafios impostos pelas mudan\u00e7as clim\u00e1ticas proposta pelo vereador Professor Rob\u00e9rio Paulino (PSOL). Dentre os homenageados estavam duas docentes do PPgUSRN.<\/p>\n\n\n\n<p>Para Dayana Torres, umas das homenageadas &#8220;Ser homenageada pela C\u00e2mara Municipal de Natal como Educadora Clim\u00e1tica foi uma grande honra. Este reconhecimento reflete anos de dedica\u00e7\u00e3o \u00e0 preserva\u00e7\u00e3o ambiental e ao ensino, \u00e1reas que sempre moveram minha atua\u00e7\u00e3o como docente. N\u00e3o \u00e9 apenas uma conquista pessoal e profissional, \u00e9 tamb\u00e9m um lembrete de que a educa\u00e7\u00e3o \u00e9 uma poderosa ferramenta para enfrentar os desafios clim\u00e1ticos e construir um futuro sustent\u00e1vel. Sou grata por poder contribuir com a preserva\u00e7\u00e3o ambiental e por testemunhar os impactos positivos do meu trabalho na sociedade&#8221;.<\/p>\n\n\n\n<p><br>A homenagem celebrou a dedica\u00e7\u00e3o e o impacto desses profissionais na constru\u00e7\u00e3o de um futuro mais sustent\u00e1vel. Assim como reconheceu o papel essencial dos educadores clim\u00e1ticos em transformar conhecimento em a\u00e7\u00e3o e inspirar comunidades a cuidarem do planeta.<\/p>\n\n\n\n<figure class=\"wp-block-gallery has-nested-images columns-default is-cropped wp-block-gallery-1 is-layout-flex wp-block-gallery-is-layout-flex\">\n<figure class=\"wp-block-image size-large\"><img loading=\"lazy\" decoding=\"async\" width=\"1024\" height=\"393\" data-id=\"5118\" src=\"https:\/\/ppgusrn.cnat.ifrn.edu.br\/wp-content\/uploads\/2024\/12\/Carrossel-5-1024x393.png\" alt=\"\" class=\"wp-image-5118\" srcset=\"https:\/\/ppgusrn.cnat.ifrn.edu.br\/wp-content\/uploads\/2024\/12\/Carrossel-5-1024x393.png 1024w, https:\/\/ppgusrn.cnat.ifrn.edu.br\/wp-content\/uploads\/2024\/12\/Carrossel-5-300x115.png 300w, https:\/\/ppgusrn.cnat.ifrn.edu.br\/wp-content\/uploads\/2024\/12\/Carrossel-5-768x295.png 768w, https:\/\/ppgusrn.cnat.ifrn.edu.br\/wp-content\/uploads\/2024\/12\/Carrossel-5-1536x590.png 1536w, https:\/\/ppgusrn.cnat.ifrn.edu.br\/wp-content\/uploads\/2024\/12\/Carrossel-5.png 1822w\" sizes=\"(max-width: 1024px) 100vw, 1024px\" \/><\/figure>\n<\/figure>\n\n\n\n<p>\u201cReconhecer esses educadores \u00e9 reafirmar nosso compromisso com a educa\u00e7\u00e3o ambiental e a justi\u00e7a clim\u00e1tica. S\u00e3o eles que preparam as gera\u00e7\u00f5es futuras para lidar com um dos maiores desafios do nosso tempo\u201d, destacou o vereador.<\/p>\n\n\n\n<p>O Professor Rob\u00e9rio Paulino, al\u00e9m de liderar essa homenagem, tamb\u00e9m \u00e9 o autor da lei que aprovou a implementa\u00e7\u00e3o da educa\u00e7\u00e3o clim\u00e1tica nas escolas municipais de Natal, um marco no fortalecimento da conscientiza\u00e7\u00e3o ambiental desde a base.<\/p>\n<\/div><\/div>","protected":false},"excerpt":{"rendered":"<p>Na segunda-feira (02\/12) foi realizada uma Sess\u00e3o Solene na C\u00e2mara Municipal de Natal para homenagear 21 Educadores Clim\u00e1ticos que t\u00eam se destacado na conscientiza\u00e7\u00e3o e enfrentamento dos desafios impostos pelas&#8230;<\/p>\n","protected":false},"author":1,"featured_media":0,"comment_status":"open","ping_status":"open","sticky":false,"template":"","format":"standard","meta":{"footnotes":""},"categories":[1],"tags":[],"_links":{"self":[{"href":"https:\/\/ppgusrn.cnat.ifrn.edu.br\/index.php\/wp-json\/wp\/v2\/posts\/5117"}],"collection":[{"href":"https:\/\/ppgusrn.cnat.ifrn.edu.br\/index.php\/wp-json\/wp\/v2\/posts"}],"about":[{"href":"https:\/\/ppgusrn.cnat.ifrn.edu.br\/index.php\/wp-json\/wp\/v2\/types\/post"}],"author":[{"embeddable":true,"href":"https:\/\/ppgusrn.cnat.ifrn.edu.br\/index.php\/wp-json\/wp\/v2\/users\/1"}],"replies":[{"embeddable":true,"href":"https:\/\/ppgusrn.cnat.ifrn.edu.br\/index.php\/wp-json\/wp\/v2\/comments?post=5117"}],"version-history":[{"count":1,"href":"https:\/\/ppgusrn.cnat.ifrn.edu.br\/index.php\/wp-json\/wp\/v2\/posts\/5117\/revisions"}],"predecessor-version":[{"id":5119,"href":"https:\/\/ppgusrn.cnat.ifrn.edu.br\/index.php\/wp-json\/wp\/v2\/posts\/5117\/revisions\/5119"}],"wp:attachment":[{"href":"https:\/\/ppgusrn.cnat.ifrn.edu.br\/index.php\/wp-json\/wp\/v2\/media?parent=5117"}],"wp:term":[{"taxonomy":"category","embeddable":true,"href":"https:\/\/ppgusrn.cnat.ifrn.edu.br\/index.php\/wp-json\/wp\/v2\/categories?post=5117"},{"taxonomy":"post_tag","embeddable":true,"href":"https:\/\/ppgusrn.cnat.ifrn.edu.br\/index.php\/wp-json\/wp\/v2\/tags?post=5117"}],"curies":[{"name":"wp","href":"https:\/\/api.w.org\/{rel}","templated":true}]}}