{"id":5196,"date":"2025-04-14T10:08:34","date_gmt":"2025-04-14T13:08:34","guid":{"rendered":"https:\/\/ppgusrn.cnat.ifrn.edu.br\/?p=5196"},"modified":"2025-04-14T11:14:03","modified_gmt":"2025-04-14T14:14:03","slug":"docente-do-ppgusrn-vence-premio-inovacao-das-aguas-potiguares","status":"publish","type":"post","link":"https:\/\/ppgusrn.cnat.ifrn.edu.br\/index.php\/2025\/04\/14\/docente-do-ppgusrn-vence-premio-inovacao-das-aguas-potiguares\/","title":{"rendered":"Docente do PPgUSRN vence pr\u00eamio Inova\u00e7\u00e3o das \u00c1guas Potiguares"},"content":{"rendered":"<div id=\"dslc-theme-content\"><div id=\"dslc-theme-content-inner\">\n<p>A docente do Programa de P\u00f3s-Gradua\u00e7\u00e3o em Uso Sustent\u00e1vel de Recursos Naturais (PPgUSRN), Dayana Melo Torres, conquistou o 1\u00ba lugar na categoria<strong> Experi\u00eancias com Tecnologias Sociais no Semi\u00e1rido Nordestino <\/strong>com o projeto <strong>&#8220;Desenvolvimento e avalia\u00e7\u00e3o de um dispositivo para desvio das primeiras \u00e1guas de chuva&#8221;, <\/strong>do discente<strong> Jos\u00e9 Edson Martins Silva<\/strong>, e o 3\u00ba lugar na categoria <strong>Produ\u00e7\u00f5es Cient\u00edficas<\/strong> com o projeto <strong>&#8220;Fictopl\u00e2ncton potencialmente t\u00f3xico no estu\u00e1rio do Rio Potengi&#8221;, <\/strong>da discente<strong> Maria Lib\u00e2nia Carlos dos Santos.<\/strong><\/p>\n\n\n<div class=\"wp-block-image\">\n<figure class=\"aligncenter size-large is-resized\"><img loading=\"lazy\" decoding=\"async\" width=\"798\" height=\"1024\" src=\"https:\/\/ppgusrn.cnat.ifrn.edu.br\/wp-content\/uploads\/2025\/04\/WhatsApp-Image-2025-04-14-at-10.03.18-1-798x1024.jpeg\" alt=\"\" class=\"wp-image-5198\" style=\"width:335px;height:auto\" srcset=\"https:\/\/ppgusrn.cnat.ifrn.edu.br\/wp-content\/uploads\/2025\/04\/WhatsApp-Image-2025-04-14-at-10.03.18-1-798x1024.jpeg 798w, https:\/\/ppgusrn.cnat.ifrn.edu.br\/wp-content\/uploads\/2025\/04\/WhatsApp-Image-2025-04-14-at-10.03.18-1-234x300.jpeg 234w, https:\/\/ppgusrn.cnat.ifrn.edu.br\/wp-content\/uploads\/2025\/04\/WhatsApp-Image-2025-04-14-at-10.03.18-1-768x986.jpeg 768w, https:\/\/ppgusrn.cnat.ifrn.edu.br\/wp-content\/uploads\/2025\/04\/WhatsApp-Image-2025-04-14-at-10.03.18-1.jpeg 997w\" sizes=\"(max-width: 798px) 100vw, 798px\" \/><\/figure><\/div>\n\n\n<p>A premia\u00e7\u00e3o foi promovida pelo <strong>Instituto de Gest\u00e3o das \u00c1guas do Estado do Rio Grande do Norte (Igarn<\/strong>), e a cerim\u00f4nia foi realizada no dia 21 de mar\u00e7o, em comemora\u00e7\u00e3o \u00e0 Semana Mundial da \u00c1gua, no audit\u00f3rio da Secretaria de Estado da Educa\u00e7\u00e3o, da Cultura, do Esporte e do Lazer (SEEC\/RN).<\/p>\n\n\n\n<p>O projeto <strong>&#8220;Fictopl\u00e2ncton potencialmente t\u00f3xico no estu\u00e1rio do Rio Potengi&#8221;<\/strong>, da discente <strong>Maria Lib\u00e2nia Carlos dos Santos<\/strong>, foi realizado em parceria com a docente <strong>Luciana de Castro Medeiros<\/strong> e financiado por meio do <strong>Projeto de Gest\u00e3o Integrada dos Recursos H\u00eddricos como Ferramenta para o Desenvolvimento Sustent\u00e1vel do Rio Grande do Norte<\/strong>, da Funda\u00e7\u00e3o de Amparo \u00e0 Pesquisa do Estado do Rio Grande do Norte (FAPERN).<\/p>\n\n\n\n<p> <\/p>\n\n\n<div class=\"wp-block-image\">\n<figure class=\"aligncenter size-large is-resized\"><img loading=\"lazy\" decoding=\"async\" width=\"800\" height=\"1024\" src=\"https:\/\/ppgusrn.cnat.ifrn.edu.br\/wp-content\/uploads\/2025\/04\/WhatsApp-Image-2025-04-14-at-10.03.18-2-800x1024.jpeg\" alt=\"\" class=\"wp-image-5199\" style=\"width:334px;height:auto\" srcset=\"https:\/\/ppgusrn.cnat.ifrn.edu.br\/wp-content\/uploads\/2025\/04\/WhatsApp-Image-2025-04-14-at-10.03.18-2-800x1024.jpeg 800w, https:\/\/ppgusrn.cnat.ifrn.edu.br\/wp-content\/uploads\/2025\/04\/WhatsApp-Image-2025-04-14-at-10.03.18-2-234x300.jpeg 234w, https:\/\/ppgusrn.cnat.ifrn.edu.br\/wp-content\/uploads\/2025\/04\/WhatsApp-Image-2025-04-14-at-10.03.18-2-768x983.jpeg 768w, https:\/\/ppgusrn.cnat.ifrn.edu.br\/wp-content\/uploads\/2025\/04\/WhatsApp-Image-2025-04-14-at-10.03.18-2.jpeg 1000w\" sizes=\"(max-width: 800px) 100vw, 800px\" \/><\/figure><\/div><\/div><\/div>","protected":false},"excerpt":{"rendered":"<p>A docente do Programa de P\u00f3s-Gradua\u00e7\u00e3o em Uso Sustent\u00e1vel de Recursos Naturais (PPgUSRN), Dayana Melo Torres, conquistou o 1\u00ba lugar na categoria Experi\u00eancias com Tecnologias Sociais no Semi\u00e1rido Nordestino com&#8230;<\/p>\n","protected":false},"author":1,"featured_media":0,"comment_status":"open","ping_status":"open","sticky":false,"template":"","format":"standard","meta":{"footnotes":""},"categories":[1],"tags":[],"_links":{"self":[{"href":"https:\/\/ppgusrn.cnat.ifrn.edu.br\/index.php\/wp-json\/wp\/v2\/posts\/5196"}],"collection":[{"href":"https:\/\/ppgusrn.cnat.ifrn.edu.br\/index.php\/wp-json\/wp\/v2\/posts"}],"about":[{"href":"https:\/\/ppgusrn.cnat.ifrn.edu.br\/index.php\/wp-json\/wp\/v2\/types\/post"}],"author":[{"embeddable":true,"href":"https:\/\/ppgusrn.cnat.ifrn.edu.br\/index.php\/wp-json\/wp\/v2\/users\/1"}],"replies":[{"embeddable":true,"href":"https:\/\/ppgusrn.cnat.ifrn.edu.br\/index.php\/wp-json\/wp\/v2\/comments?post=5196"}],"version-history":[{"count":3,"href":"https:\/\/ppgusrn.cnat.ifrn.edu.br\/index.php\/wp-json\/wp\/v2\/posts\/5196\/revisions"}],"predecessor-version":[{"id":5202,"href":"https:\/\/ppgusrn.cnat.ifrn.edu.br\/index.php\/wp-json\/wp\/v2\/posts\/5196\/revisions\/5202"}],"wp:attachment":[{"href":"https:\/\/ppgusrn.cnat.ifrn.edu.br\/index.php\/wp-json\/wp\/v2\/media?parent=5196"}],"wp:term":[{"taxonomy":"category","embeddable":true,"href":"https:\/\/ppgusrn.cnat.ifrn.edu.br\/index.php\/wp-json\/wp\/v2\/categories?post=5196"},{"taxonomy":"post_tag","embeddable":true,"href":"https:\/\/ppgusrn.cnat.ifrn.edu.br\/index.php\/wp-json\/wp\/v2\/tags?post=5196"}],"curies":[{"name":"wp","href":"https:\/\/api.w.org\/{rel}","templated":true}]}}