{"id":5206,"date":"2025-04-22T08:23:46","date_gmt":"2025-04-22T11:23:46","guid":{"rendered":"https:\/\/ppgusrn.cnat.ifrn.edu.br\/?p=5206"},"modified":"2025-04-22T08:26:19","modified_gmt":"2025-04-22T11:26:19","slug":"coordenadora-do-ppgusrn-apresenta-projeto-onda-limpa-no-programa-tudo-com-priscilla-freire","status":"publish","type":"post","link":"https:\/\/ppgusrn.cnat.ifrn.edu.br\/index.php\/2025\/04\/22\/coordenadora-do-ppgusrn-apresenta-projeto-onda-limpa-no-programa-tudo-com-priscilla-freire\/","title":{"rendered":"Coordenadora do PPgUSRN Apresenta Projeto &#8220;Onda Limpa&#8221; no Programa &#8220;Tudo com Priscilla Freire&#8221;"},"content":{"rendered":"<div id=\"dslc-theme-content\"><div id=\"dslc-theme-content-inner\">\n<p><br>    A professora Sheyla, coordenadora do Projeto Onda Limpa, foi uma das convidadas do programa de TV &#8220;Tudo com Priscilla Freira&#8221;. Durante a entrevista, a coordenadora compartilhou os objetivos e os impactos do projeto, que visa promover a limpeza das praias com a ajuda de crian\u00e7as e volunt\u00e1rios. <\/p>\n\n\n<div class=\"wp-block-image\">\n<figure class=\"aligncenter size-large is-resized\"><img loading=\"lazy\" decoding=\"async\" width=\"768\" height=\"1024\" src=\"https:\/\/ppgusrn.cnat.ifrn.edu.br\/wp-content\/uploads\/2025\/04\/WhatsApp-Image-2025-04-16-at-08.56.22-3-768x1024.jpeg\" alt=\"\" class=\"wp-image-5210\" style=\"width:290px;height:auto\" srcset=\"https:\/\/ppgusrn.cnat.ifrn.edu.br\/wp-content\/uploads\/2025\/04\/WhatsApp-Image-2025-04-16-at-08.56.22-3-768x1024.jpeg 768w, https:\/\/ppgusrn.cnat.ifrn.edu.br\/wp-content\/uploads\/2025\/04\/WhatsApp-Image-2025-04-16-at-08.56.22-3-225x300.jpeg 225w, https:\/\/ppgusrn.cnat.ifrn.edu.br\/wp-content\/uploads\/2025\/04\/WhatsApp-Image-2025-04-16-at-08.56.22-3-1152x1536.jpeg 1152w, https:\/\/ppgusrn.cnat.ifrn.edu.br\/wp-content\/uploads\/2025\/04\/WhatsApp-Image-2025-04-16-at-08.56.22-3-1536x2048.jpeg 1536w, https:\/\/ppgusrn.cnat.ifrn.edu.br\/wp-content\/uploads\/2025\/04\/WhatsApp-Image-2025-04-16-at-08.56.22-3-scaled.jpeg 1920w\" sizes=\"(max-width: 768px) 100vw, 768px\" \/><\/figure><\/div>\n\n\n<p>  O projeto que j\u00e1 tem ganhado destaque na comunidade local, foca na conscientiza\u00e7\u00e3o ambiental, buscando sensibilizar as futuras gera\u00e7\u00f5es sobre a import\u00e2ncia da preserva\u00e7\u00e3o do meio ambiente. A participa\u00e7\u00e3o de crian\u00e7as nas atividades de limpeza de praias n\u00e3o s\u00f3 fortalece o compromisso com a natureza, mas tamb\u00e9m permite que os pequenos se tornem multiplicadores dessa mensagem.<br>   A entrevista teve um papel fundamental na divulga\u00e7\u00e3o do Projeto Onda Limpa, al\u00e9m de atrair novos volunt\u00e1rios interessados em contribuir para a limpeza e preserva\u00e7\u00e3o das praias. A professora Sheyla destacou a import\u00e2ncia do apoio da comunidade para o sucesso da iniciativa, enfatizando que a participa\u00e7\u00e3o ativa de cada indiv\u00edduo \u00e9 essencial para manter as praias limpas e saud\u00e1veis.<br>   O programa proporcionou uma excelente oportunidade para expandir o alcance do projeto e engajar mais pessoas na causa ambiental. A expectativa agora \u00e9 que mais volunt\u00e1rios se juntem ao projeto, ajudando a transformar as praias em espa\u00e7os mais limpos e sustent\u00e1veis.<\/p>\n\n\n<div class=\"wp-block-image\">\n<figure class=\"aligncenter size-large is-resized\"><img loading=\"lazy\" decoding=\"async\" width=\"576\" height=\"1024\" src=\"https:\/\/ppgusrn.cnat.ifrn.edu.br\/wp-content\/uploads\/2025\/04\/WhatsApp-Image-2025-04-16-at-08.56.22-1-576x1024.jpeg\" alt=\"\" class=\"wp-image-5208\" style=\"width:226px;height:auto\" srcset=\"https:\/\/ppgusrn.cnat.ifrn.edu.br\/wp-content\/uploads\/2025\/04\/WhatsApp-Image-2025-04-16-at-08.56.22-1-576x1024.jpeg 576w, https:\/\/ppgusrn.cnat.ifrn.edu.br\/wp-content\/uploads\/2025\/04\/WhatsApp-Image-2025-04-16-at-08.56.22-1-169x300.jpeg 169w, https:\/\/ppgusrn.cnat.ifrn.edu.br\/wp-content\/uploads\/2025\/04\/WhatsApp-Image-2025-04-16-at-08.56.22-1-768x1365.jpeg 768w, https:\/\/ppgusrn.cnat.ifrn.edu.br\/wp-content\/uploads\/2025\/04\/WhatsApp-Image-2025-04-16-at-08.56.22-1-864x1536.jpeg 864w, https:\/\/ppgusrn.cnat.ifrn.edu.br\/wp-content\/uploads\/2025\/04\/WhatsApp-Image-2025-04-16-at-08.56.22-1-1152x2048.jpeg 1152w, https:\/\/ppgusrn.cnat.ifrn.edu.br\/wp-content\/uploads\/2025\/04\/WhatsApp-Image-2025-04-16-at-08.56.22-1-scaled.jpeg 1440w\" sizes=\"(max-width: 576px) 100vw, 576px\" \/><\/figure><\/div><\/div><\/div>","protected":false},"excerpt":{"rendered":"<p>A professora Sheyla, coordenadora do Projeto Onda Limpa, foi uma das convidadas do programa de TV &#8220;Tudo com Priscilla Freira&#8221;. Durante a entrevista, a coordenadora compartilhou os objetivos e os&#8230;<\/p>\n","protected":false},"author":1,"featured_media":0,"comment_status":"open","ping_status":"open","sticky":false,"template":"","format":"standard","meta":{"footnotes":""},"categories":[1],"tags":[],"_links":{"self":[{"href":"https:\/\/ppgusrn.cnat.ifrn.edu.br\/index.php\/wp-json\/wp\/v2\/posts\/5206"}],"collection":[{"href":"https:\/\/ppgusrn.cnat.ifrn.edu.br\/index.php\/wp-json\/wp\/v2\/posts"}],"about":[{"href":"https:\/\/ppgusrn.cnat.ifrn.edu.br\/index.php\/wp-json\/wp\/v2\/types\/post"}],"author":[{"embeddable":true,"href":"https:\/\/ppgusrn.cnat.ifrn.edu.br\/index.php\/wp-json\/wp\/v2\/users\/1"}],"replies":[{"embeddable":true,"href":"https:\/\/ppgusrn.cnat.ifrn.edu.br\/index.php\/wp-json\/wp\/v2\/comments?post=5206"}],"version-history":[{"count":2,"href":"https:\/\/ppgusrn.cnat.ifrn.edu.br\/index.php\/wp-json\/wp\/v2\/posts\/5206\/revisions"}],"predecessor-version":[{"id":5213,"href":"https:\/\/ppgusrn.cnat.ifrn.edu.br\/index.php\/wp-json\/wp\/v2\/posts\/5206\/revisions\/5213"}],"wp:attachment":[{"href":"https:\/\/ppgusrn.cnat.ifrn.edu.br\/index.php\/wp-json\/wp\/v2\/media?parent=5206"}],"wp:term":[{"taxonomy":"category","embeddable":true,"href":"https:\/\/ppgusrn.cnat.ifrn.edu.br\/index.php\/wp-json\/wp\/v2\/categories?post=5206"},{"taxonomy":"post_tag","embeddable":true,"href":"https:\/\/ppgusrn.cnat.ifrn.edu.br\/index.php\/wp-json\/wp\/v2\/tags?post=5206"}],"curies":[{"name":"wp","href":"https:\/\/api.w.org\/{rel}","templated":true}]}}