{"id":5259,"date":"2025-06-30T09:58:11","date_gmt":"2025-06-30T12:58:11","guid":{"rendered":"https:\/\/ppgusrn.cnat.ifrn.edu.br\/?p=5259"},"modified":"2025-06-30T09:58:11","modified_gmt":"2025-06-30T12:58:11","slug":"professor-do-ppgusrn-representa-ifrn-em-evento-internacional-no-canada","status":"publish","type":"post","link":"https:\/\/ppgusrn.cnat.ifrn.edu.br\/index.php\/2025\/06\/30\/professor-do-ppgusrn-representa-ifrn-em-evento-internacional-no-canada\/","title":{"rendered":"Professor do PPgUSRN representa IFRN em evento internacional no Canad\u00e1"},"content":{"rendered":"<div id=\"dslc-theme-content\"><div id=\"dslc-theme-content-inner\">\n<p class=\"has-text-align-left\"> O Programa de P\u00f3s-Gradua\u00e7\u00e3o em Uso Sustent\u00e1vel de Recursos Naturais (PPgUSRN) marcou presen\u00e7a no cen\u00e1rio internacional com a participa\u00e7\u00e3o do professor Jo\u00e3o Teixeira de Carvalho Neto no IEEE ISIE 2025 \u2013 International Symposium on Industrial Electronics. O evento, que \u00e9 um dos mais importantes da \u00e1rea de eletr\u00f4nica industrial, aconteceu entre os dias 20 e 23 de junho, em Toronto, no Canad\u00e1.<br> Durante o simp\u00f3sio, o professor Jo\u00e3o atuou como chair do Student and Young Professional Award (SYPA), coordenando a avalia\u00e7\u00e3o de projetos desenvolvidos por estudantes e jovens profissionais. Ele tamb\u00e9m participou das reuni\u00f5es do comit\u00ea administrativo da IEEE Industrial Electronics Society (IES), nos dias 23 e 24, discutindo estrat\u00e9gias e possibilidades futuras para institui\u00e7\u00f5es como o IFRN.<br> Entre os destaques, Jo\u00e3o mencionou que o IFRN foi apontado como uma das institui\u00e7\u00f5es com potencial para criar um cap\u00edtulo estudantil da IES, o que pode gerar novas oportunidades de interc\u00e2mbio e pesquisa para os alunos.<\/p>\n\n\n\n<p class=\"has-text-align-left\">O mesmo fala um pouco sobre sua participa\u00e7\u00e3o:<\/p>\n\n\n\n<p class=\"has-text-align-left\">&#8220;Durante minha participa\u00e7\u00e3o no ISIE 2025, tive a honra de coordenar o SYPA, uma experi\u00eancia enriquecedora que nos permitiu dialogar com os autores dos projetos finalistas. Foi evidente o compromisso das novas gera\u00e7\u00f5es com um futuro mais sustent\u00e1vel, com destaque para solu\u00e7\u00f5es de efici\u00eancia energ\u00e9tica, armazenamento de energia e ve\u00edculos el\u00e9tricos. Essas iniciativas mostram que o mundo est\u00e1 atento e engajado na busca por tecnologias que respeitem o planeta.&#8221;<\/p>\n\n\n<div class=\"wp-block-image\">\n<figure class=\"aligncenter size-large is-resized\"><img loading=\"lazy\" decoding=\"async\" width=\"768\" height=\"1024\" src=\"https:\/\/ppgusrn.cnat.ifrn.edu.br\/wp-content\/uploads\/2025\/06\/WhatsApp-Image-2025-06-30-at-09.26.10-768x1024.jpeg\" alt=\"\" class=\"wp-image-5260\" style=\"width:272px;height:auto\" srcset=\"https:\/\/ppgusrn.cnat.ifrn.edu.br\/wp-content\/uploads\/2025\/06\/WhatsApp-Image-2025-06-30-at-09.26.10-768x1024.jpeg 768w, https:\/\/ppgusrn.cnat.ifrn.edu.br\/wp-content\/uploads\/2025\/06\/WhatsApp-Image-2025-06-30-at-09.26.10-225x300.jpeg 225w, https:\/\/ppgusrn.cnat.ifrn.edu.br\/wp-content\/uploads\/2025\/06\/WhatsApp-Image-2025-06-30-at-09.26.10-1152x1536.jpeg 1152w, https:\/\/ppgusrn.cnat.ifrn.edu.br\/wp-content\/uploads\/2025\/06\/WhatsApp-Image-2025-06-30-at-09.26.10.jpeg 1200w\" sizes=\"(max-width: 768px) 100vw, 768px\" \/><\/figure><\/div><\/div><\/div>","protected":false},"excerpt":{"rendered":"<p>O Programa de P\u00f3s-Gradua\u00e7\u00e3o em Uso Sustent\u00e1vel de Recursos Naturais (PPgUSRN) marcou presen\u00e7a no cen\u00e1rio internacional com a participa\u00e7\u00e3o do professor Jo\u00e3o Teixeira de Carvalho Neto no IEEE ISIE 2025&#8230;<\/p>\n","protected":false},"author":1,"featured_media":0,"comment_status":"open","ping_status":"open","sticky":false,"template":"","format":"standard","meta":{"footnotes":""},"categories":[1],"tags":[],"_links":{"self":[{"href":"https:\/\/ppgusrn.cnat.ifrn.edu.br\/index.php\/wp-json\/wp\/v2\/posts\/5259"}],"collection":[{"href":"https:\/\/ppgusrn.cnat.ifrn.edu.br\/index.php\/wp-json\/wp\/v2\/posts"}],"about":[{"href":"https:\/\/ppgusrn.cnat.ifrn.edu.br\/index.php\/wp-json\/wp\/v2\/types\/post"}],"author":[{"embeddable":true,"href":"https:\/\/ppgusrn.cnat.ifrn.edu.br\/index.php\/wp-json\/wp\/v2\/users\/1"}],"replies":[{"embeddable":true,"href":"https:\/\/ppgusrn.cnat.ifrn.edu.br\/index.php\/wp-json\/wp\/v2\/comments?post=5259"}],"version-history":[{"count":1,"href":"https:\/\/ppgusrn.cnat.ifrn.edu.br\/index.php\/wp-json\/wp\/v2\/posts\/5259\/revisions"}],"predecessor-version":[{"id":5262,"href":"https:\/\/ppgusrn.cnat.ifrn.edu.br\/index.php\/wp-json\/wp\/v2\/posts\/5259\/revisions\/5262"}],"wp:attachment":[{"href":"https:\/\/ppgusrn.cnat.ifrn.edu.br\/index.php\/wp-json\/wp\/v2\/media?parent=5259"}],"wp:term":[{"taxonomy":"category","embeddable":true,"href":"https:\/\/ppgusrn.cnat.ifrn.edu.br\/index.php\/wp-json\/wp\/v2\/categories?post=5259"},{"taxonomy":"post_tag","embeddable":true,"href":"https:\/\/ppgusrn.cnat.ifrn.edu.br\/index.php\/wp-json\/wp\/v2\/tags?post=5259"}],"curies":[{"name":"wp","href":"https:\/\/api.w.org\/{rel}","templated":true}]}}