{"id":5386,"date":"2026-01-28T13:40:04","date_gmt":"2026-01-28T16:40:04","guid":{"rendered":"https:\/\/ppgusrn.cnat.ifrn.edu.br\/?p=5386"},"modified":"2026-01-28T15:24:08","modified_gmt":"2026-01-28T18:24:08","slug":"defesa-de-qualificacao-da-discente-carlos-augusto-de-souza-barbalho","status":"publish","type":"post","link":"https:\/\/ppgusrn.cnat.ifrn.edu.br\/index.php\/2026\/01\/28\/defesa-de-qualificacao-da-discente-carlos-augusto-de-souza-barbalho\/","title":{"rendered":"Defesa de Qualifica\u00e7\u00e3o do Discente Carlos Augusto de Souza Barbalho"},"content":{"rendered":"<div id=\"dslc-theme-content\"><div id=\"dslc-theme-content-inner\">\n<p>O PPgUSRN informa a todos que a Defesa de Qualifica\u00e7\u00e3o do discente <strong>Carlos<\/strong> <strong>Augusto de Souza Barbalho<\/strong> acontecer\u00e1 dia 03 de FEVEREIRO de 2026 \u00e1s 14:00H, em que apresentar\u00e1 o trabalho intitulado:<strong>Matriz de verifica\u00e7\u00e3o de ader\u00eancia clim\u00e1tica (MVAC) na an\u00e1lise de arcabou\u00e7os normativos estruturantes para a governan\u00e7a clim\u00e1tica integrada.<\/strong><\/p>\n\n\n\n<p><strong>Banca Examinadora<\/strong>:<\/p>\n\n\n\n<ul>\n<li>Presidente da banca\/Orientador: <strong>Profa. Dra. Sheyla Lucena (IFRN)<\/strong> <\/li>\n\n\n\n<li>Coorientador :<strong>Dra. Wanessa Dunga de Assis<\/strong> <strong>(IDEMA)<\/strong><\/li>\n\n\n\n<li>Avaliador Interno: <strong>Dr. Andr\u00e9 Luiz Lopes Toledo (IFRN)<\/strong><\/li>\n\n\n\n<li>Avaliador Externo: <strong>Dra. Raquel Ara\u00fajo Lima (UFRN) <\/strong>                                                 <\/li>\n<\/ul>\n\n\n\n<p><strong>Resumo:<\/strong><\/p>\n\n\n\n<p><br>A emerg\u00eancia clim\u00e1tica tem intensificado vulnerabilidades urbano-ambientais em regi\u00f5es metropolitanas costeiras, nas quais a continuidade da mancha urbana e a interdepend\u00eancia funcional entre munic\u00edpios ampliam a complexidade da gest\u00e3o territorial e da redu\u00e7\u00e3o de riscos. Nesse contexto, o presente projeto prop\u00f5e avaliar o grau de ader\u00eancia clim\u00e1tica e a coer\u00eancia interna do arcabou\u00e7o normativo estruturante dos munic\u00edpios de Natal, Parnamirim e Extremoz, no Eixo Litor\u00e2neo Conurbado da Regi\u00e3o Metropolitana de Natal, examinando em que medida diretrizes relacionadas \u00e0 adapta\u00e7\u00e3o, \u00e0 mitiga\u00e7\u00e3o e \u00e0 gest\u00e3o de riscos encontram respaldo e operacionaliza\u00e7\u00e3o nos instrumentos centrais de planejamento urbano e de regula\u00e7\u00e3o ambiental. Trata-se de pesquisa aplicada, de abordagem qualitativa, com objetivos explorat\u00f3rios e descritivos, desenvolvida por meio de an\u00e1lise documental e t\u00e9cnica de an\u00e1lise de conte\u00fado sistem\u00e1tica, adaptada ao exame de instrumentos normativos. O corpus ser\u00e1 composto, conforme exist\u00eancia e vig\u00eancia, por Planos Diretores, legisla\u00e7\u00e3o ambiental estruturante e instrumentos municipais de mudan\u00e7a do clima e correlatos, coletados em fontes institucionais e portais oficiais. Para operacionalizar o diagn\u00f3stico, ser\u00e1 desenvolvida e aplicada a Matriz de Verifica\u00e7\u00e3o de Ader\u00eancia Clim\u00e1tica (MVAC), estruturada em dimens\u00f5es anal\u00edticas que sintetizam referenciais te\u00f3rico-metodol\u00f3gicos de avalia\u00e7\u00e3o de pol\u00edticas clim\u00e1ticas locais e marcos normativos nacionais pertinentes, traduzindo categorias anal\u00edticas em crit\u00e9rios verific\u00e1veis e par\u00e2metros operacionais. A valora\u00e7\u00e3o da ader\u00eancia ser\u00e1 realizada por escala ordinal que distingue aus\u00eancia, men\u00e7\u00e3o declarat\u00f3ria e tratamento instrumental, e a coer\u00eancia normativa ser\u00e1 classificada mediante categorias operacionais que identificam alinhamentos, lacunas, conflitos e inexist\u00eancia de tratamento do tema entre instrumentos. Como resultado inicial, consolida-se a MVAC como produto metodol\u00f3gico sistem\u00e1tico e replic\u00e1vel, com potencial de aplica\u00e7\u00e3o em outros munic\u00edpios, especialmente em contextos costeiros e metropolitanos. Espera-se, com a aplica\u00e7\u00e3o ao corpus selecionado, identificar lacunas de implementa\u00e7\u00e3o, inconsist\u00eancias normativas e oportunidades de aprimoramento regulat\u00f3rio, contribuindo para qualificar a capacidade normativa municipal e subsidiar, de forma tecnicamente fundamentada, processos de moderniza\u00e7\u00e3o legislativa orientados \u00e0 resili\u00eancia clim\u00e1tica urbana.<\/p>\n<\/div><\/div>","protected":false},"excerpt":{"rendered":"<p>O PPgUSRN informa a todos que a Defesa de Qualifica\u00e7\u00e3o do discente Carlos Augusto de Souza Barbalho acontecer\u00e1 dia 03 de FEVEREIRO de 2026 \u00e1s 14:00H, em que apresentar\u00e1 o&#8230;<\/p>\n","protected":false},"author":1,"featured_media":0,"comment_status":"open","ping_status":"open","sticky":false,"template":"","format":"standard","meta":{"footnotes":""},"categories":[1],"tags":[],"_links":{"self":[{"href":"https:\/\/ppgusrn.cnat.ifrn.edu.br\/index.php\/wp-json\/wp\/v2\/posts\/5386"}],"collection":[{"href":"https:\/\/ppgusrn.cnat.ifrn.edu.br\/index.php\/wp-json\/wp\/v2\/posts"}],"about":[{"href":"https:\/\/ppgusrn.cnat.ifrn.edu.br\/index.php\/wp-json\/wp\/v2\/types\/post"}],"author":[{"embeddable":true,"href":"https:\/\/ppgusrn.cnat.ifrn.edu.br\/index.php\/wp-json\/wp\/v2\/users\/1"}],"replies":[{"embeddable":true,"href":"https:\/\/ppgusrn.cnat.ifrn.edu.br\/index.php\/wp-json\/wp\/v2\/comments?post=5386"}],"version-history":[{"count":3,"href":"https:\/\/ppgusrn.cnat.ifrn.edu.br\/index.php\/wp-json\/wp\/v2\/posts\/5386\/revisions"}],"predecessor-version":[{"id":5390,"href":"https:\/\/ppgusrn.cnat.ifrn.edu.br\/index.php\/wp-json\/wp\/v2\/posts\/5386\/revisions\/5390"}],"wp:attachment":[{"href":"https:\/\/ppgusrn.cnat.ifrn.edu.br\/index.php\/wp-json\/wp\/v2\/media?parent=5386"}],"wp:term":[{"taxonomy":"category","embeddable":true,"href":"https:\/\/ppgusrn.cnat.ifrn.edu.br\/index.php\/wp-json\/wp\/v2\/categories?post=5386"},{"taxonomy":"post_tag","embeddable":true,"href":"https:\/\/ppgusrn.cnat.ifrn.edu.br\/index.php\/wp-json\/wp\/v2\/tags?post=5386"}],"curies":[{"name":"wp","href":"https:\/\/api.w.org\/{rel}","templated":true}]}}