{"id":5462,"date":"2026-03-27T10:19:34","date_gmt":"2026-03-27T13:19:34","guid":{"rendered":"https:\/\/ppgusrn.cnat.ifrn.edu.br\/?p=5462"},"modified":"2026-03-27T10:19:34","modified_gmt":"2026-03-27T13:19:34","slug":"ppgusrn-conquista-multiplas-premiacoes-no-3o-premio-inovacao-das-aguas-potiguares","status":"publish","type":"post","link":"https:\/\/ppgusrn.cnat.ifrn.edu.br\/index.php\/2026\/03\/27\/ppgusrn-conquista-multiplas-premiacoes-no-3o-premio-inovacao-das-aguas-potiguares\/","title":{"rendered":"PPgUSRN Conquista M\u00faltiplas Premia\u00e7\u00f5es no 3\u00ba Pr\u00eamio Inova\u00e7\u00e3o das \u00c1guas Potiguares"},"content":{"rendered":"<div id=\"dslc-theme-content\"><div id=\"dslc-theme-content-inner\">\n<p>O Programa de P\u00f3s-Gradua\u00e7\u00e3o em Uso Sustent\u00e1vel de Recursos Naturais (PPgUSRN) do IFRN celebra uma importante marca na produ\u00e7\u00e3o cient\u00edfica e social do Rio Grande do Norte. Na <strong>3\u00aa edi\u00e7\u00e3o do Pr\u00eamio Inova\u00e7\u00e3o das \u00c1guas Potiguares<\/strong>, promovido pelo Governo do Estado (via IGARN e SEEC), o programa garantiu posi\u00e7\u00f5es de destaque com projetos que unem rigor t\u00e9cnico e impacto direto na gest\u00e3o de recursos h\u00eddricos.<\/p>\n\n\n\n<p>A premia\u00e7\u00e3o reconhece iniciativas que fortalecem a seguran\u00e7a h\u00eddrica e o uso sustent\u00e1vel da \u00e1gua, reafirmando o papel do PPgUSRN como um centro de solu\u00e7\u00f5es pr\u00e1ticas para os desafios do semi\u00e1rido.<\/p>\n\n\n\n<figure class=\"wp-block-image size-large\"><img loading=\"lazy\" decoding=\"async\" width=\"768\" height=\"1024\" src=\"https:\/\/ppgusrn.cnat.ifrn.edu.br\/wp-content\/uploads\/2026\/03\/WhatsApp-Image-2026-03-24-at-19.07.41-1-768x1024.jpeg\" alt=\"\" class=\"wp-image-5464\" srcset=\"https:\/\/ppgusrn.cnat.ifrn.edu.br\/wp-content\/uploads\/2026\/03\/WhatsApp-Image-2026-03-24-at-19.07.41-1-768x1024.jpeg 768w, https:\/\/ppgusrn.cnat.ifrn.edu.br\/wp-content\/uploads\/2026\/03\/WhatsApp-Image-2026-03-24-at-19.07.41-1-225x300.jpeg 225w, https:\/\/ppgusrn.cnat.ifrn.edu.br\/wp-content\/uploads\/2026\/03\/WhatsApp-Image-2026-03-24-at-19.07.41-1-1152x1536.jpeg 1152w, https:\/\/ppgusrn.cnat.ifrn.edu.br\/wp-content\/uploads\/2026\/03\/WhatsApp-Image-2026-03-24-at-19.07.41-1.jpeg 1200w\" sizes=\"(max-width: 768px) 100vw, 768px\" \/><\/figure>\n\n\n\n<h3 class=\"wp-block-heading\">Destaque e Protagonismo Feminino<\/h3>\n\n\n\n<p>As conquistas do programa refletem a for\u00e7a da colabora\u00e7\u00e3o entre docentes e mestrandos em categorias estrat\u00e9gicas:<\/p>\n\n\n\n<ul>\n<li><strong>Tecnologia Social e Seguran\u00e7a Alimentar:<\/strong> O trabalho intitulado <strong>&#8220;Bio\u00e1gua no semi\u00e1rido potiguar: tecnologia social para seguran\u00e7a h\u00eddrica e alimentar com protagonismo comunit\u00e1rio&#8221;<\/strong>, de autoria da <strong>Prof.\u00aa Dayana Melo Torres<\/strong> e do discente <strong>Raul Leite da Costa<\/strong>, conquistou o <strong>2\u00ba lugar<\/strong> na categoria <em>Experi\u00eancias com Tecnologias Sociais<\/em>.<\/li>\n\n\n\n<li><strong>Gest\u00e3o e Combate \u00e0 Desertifica\u00e7\u00e3o:<\/strong> Tamb\u00e9m premiado com o <strong>2\u00ba lugar<\/strong> na mesma categoria, o projeto <strong>&#8220;\u00cdndice do potencial de re\u00faso de \u00e1gua em \u00e1reas suscet\u00edveis \u00e0 desertifica\u00e7\u00e3o: aplica\u00e7\u00e3o multivariada no semi\u00e1rido potiguar&#8221;<\/strong>, desenvolvido pela <strong>Prof.\u00aa Dayana Melo Torres<\/strong> em parceria com a discente <strong>Claudia Regina Maciel Gomes<\/strong>, trouxe uma abordagem inovadora para o planejamento h\u00eddrico regional.<\/li>\n\n\n\n<li><strong>Inova\u00e7\u00e3o e Pesquisa:<\/strong> Somando-se ao sucesso do programa, a docente <strong>Luciana de Castro Medeiros<\/strong> e a discente <strong>Elica Lorrane<\/strong> tamb\u00e9m foram premiadas, consolidando a excel\u00eancia acad\u00eamica e a presen\u00e7a feminina na produ\u00e7\u00e3o cient\u00edfica do IFRN.<\/li>\n<\/ul>\n\n\n\n<h3 class=\"wp-block-heading\">Reconhecimento Coletivo<\/h3>\n\n\n\n<p>Para a <strong>Prof.\u00aa Dayana Melo Torres<\/strong>, as premia\u00e7\u00f5es s\u00e3o o reflexo de uma constru\u00e7\u00e3o compartilhada que vai al\u00e9m dos muros da academia:<\/p>\n\n\n\n<blockquote class=\"wp-block-quote\">\n<p>&#8220;Receber esses dois pr\u00eamios \u00e9 uma grande alegria. Eles representam o resultado de pesquisas constru\u00eddas em conjunto com mestrandos que tive o prazer de orientar. Mais do que conquistas individuais, s\u00e3o frutos de dedica\u00e7\u00e3o, parceria e compromisso com o saneamento b\u00e1sico e a gest\u00e3o de recursos h\u00eddricos&#8221;, destacou a professora.<\/p>\n\n\n\n<p><\/p>\n\n\n\n<figure class=\"wp-block-image size-large\"><img loading=\"lazy\" decoding=\"async\" width=\"1024\" height=\"576\" src=\"https:\/\/ppgusrn.cnat.ifrn.edu.br\/wp-content\/uploads\/2026\/03\/WhatsApp-Image-2026-03-27-at-09.06.27-1024x576.jpeg\" alt=\"\" class=\"wp-image-5465\" srcset=\"https:\/\/ppgusrn.cnat.ifrn.edu.br\/wp-content\/uploads\/2026\/03\/WhatsApp-Image-2026-03-27-at-09.06.27-1024x576.jpeg 1024w, https:\/\/ppgusrn.cnat.ifrn.edu.br\/wp-content\/uploads\/2026\/03\/WhatsApp-Image-2026-03-27-at-09.06.27-300x169.jpeg 300w, https:\/\/ppgusrn.cnat.ifrn.edu.br\/wp-content\/uploads\/2026\/03\/WhatsApp-Image-2026-03-27-at-09.06.27-768x432.jpeg 768w, https:\/\/ppgusrn.cnat.ifrn.edu.br\/wp-content\/uploads\/2026\/03\/WhatsApp-Image-2026-03-27-at-09.06.27-1536x864.jpeg 1536w, https:\/\/ppgusrn.cnat.ifrn.edu.br\/wp-content\/uploads\/2026\/03\/WhatsApp-Image-2026-03-27-at-09.06.27.jpeg 1600w\" sizes=\"(max-width: 1024px) 100vw, 1024px\" \/><\/figure>\n<\/blockquote>\n\n\n\n<p>Com esses resultados, o PPgUSRN demonstra que a ci\u00eancia produzida no IFRN \u00e9 uma ferramenta fundamental para a sustentabilidade e o desenvolvimento social do Rio Grande do Norte.<\/p>\n<\/div><\/div>","protected":false},"excerpt":{"rendered":"<p>O Programa de P\u00f3s-Gradua\u00e7\u00e3o em Uso Sustent\u00e1vel de Recursos Naturais (PPgUSRN) do IFRN celebra uma importante marca na produ\u00e7\u00e3o cient\u00edfica e social do Rio Grande do Norte. Na 3\u00aa edi\u00e7\u00e3o&#8230;<\/p>\n","protected":false},"author":1,"featured_media":0,"comment_status":"open","ping_status":"open","sticky":false,"template":"","format":"standard","meta":{"footnotes":""},"categories":[1],"tags":[],"_links":{"self":[{"href":"https:\/\/ppgusrn.cnat.ifrn.edu.br\/index.php\/wp-json\/wp\/v2\/posts\/5462"}],"collection":[{"href":"https:\/\/ppgusrn.cnat.ifrn.edu.br\/index.php\/wp-json\/wp\/v2\/posts"}],"about":[{"href":"https:\/\/ppgusrn.cnat.ifrn.edu.br\/index.php\/wp-json\/wp\/v2\/types\/post"}],"author":[{"embeddable":true,"href":"https:\/\/ppgusrn.cnat.ifrn.edu.br\/index.php\/wp-json\/wp\/v2\/users\/1"}],"replies":[{"embeddable":true,"href":"https:\/\/ppgusrn.cnat.ifrn.edu.br\/index.php\/wp-json\/wp\/v2\/comments?post=5462"}],"version-history":[{"count":1,"href":"https:\/\/ppgusrn.cnat.ifrn.edu.br\/index.php\/wp-json\/wp\/v2\/posts\/5462\/revisions"}],"predecessor-version":[{"id":5466,"href":"https:\/\/ppgusrn.cnat.ifrn.edu.br\/index.php\/wp-json\/wp\/v2\/posts\/5462\/revisions\/5466"}],"wp:attachment":[{"href":"https:\/\/ppgusrn.cnat.ifrn.edu.br\/index.php\/wp-json\/wp\/v2\/media?parent=5462"}],"wp:term":[{"taxonomy":"category","embeddable":true,"href":"https:\/\/ppgusrn.cnat.ifrn.edu.br\/index.php\/wp-json\/wp\/v2\/categories?post=5462"},{"taxonomy":"post_tag","embeddable":true,"href":"https:\/\/ppgusrn.cnat.ifrn.edu.br\/index.php\/wp-json\/wp\/v2\/tags?post=5462"}],"curies":[{"name":"wp","href":"https:\/\/api.w.org\/{rel}","templated":true}]}}